{"id":1024,"date":"2026-08-31T14:47:55","date_gmt":"2026-08-31T14:47:55","guid":{"rendered":"https:\/\/borgapartmanok.hu\/?p=1024"},"modified":"2026-08-31T14:47:57","modified_gmt":"2026-08-31T14:47:57","slug":"szeptember-8-kedd-1900-hullajo-naszejszaka","status":"publish","type":"post","link":"https:\/\/borgapartmanok.hu\/en\/2026\/08\/31\/szeptember-8-kedd-1900-hullajo-naszejszaka\/","title":{"rendered":"szeptember 8. kedd 19:00 \u2013 Hullaj\u00f3 N\u00e1sz\u00e9jszaka"},"content":{"rendered":"<blockquote class=\"wp-block-quote is-layout-flow wp-block-quote-is-layout-flow\">\n<figure class=\"wp-block-table\"><table class=\"has-fixed-layout\"><tbody><tr><td>Fergeteges v\u00edgj\u00e1t\u00e9k 2 felvon\u00e1sban (2\u00d750 perc)<br>Szerepl\u0151k: Sz\u0151ke Zolt\u00e1n, Gyebn\u00e1r Csekka, Gubik \u00c1gi, K\u00e1lm\u00e1n Henrietta, Korcsm\u00e1ros Andr\u00e1s<br>Ez a k\u00e9tfelvon\u00e1sos v\u00edgj\u00e1t\u00e9k nem csak a nevet\u0151izmokat mozgatja meg, hanem azt is megmutatja, milyen v\u00e9kony a hat\u00e1rvonal f\u00e9lt\u00e9s \u00e9s paranoia, szerelem \u00e9s \u0151r\u00fclet k\u00f6z\u00f6tt.<br>Az esem\u00e9ny Facebook oldala:<a href=\"https:\/\/us.list-manage.com\/11o_Z75vxHE?e=81684e4bee&amp;c2id=9a36eb630448b62e1094909f52f2aa6c\" target=\"_blank\" rel=\"noopener\">&nbsp;https:\/\/www.facebook.<wbr>com\/events\/1796820551290166<\/a><\/td><\/tr><\/tbody><\/table><\/figure>\n<\/blockquote>","protected":false},"excerpt":{"rendered":"<p>Fergeteges v\u00edgj\u00e1t\u00e9k 2 felvon\u00e1sban (2\u00d750 perc)Szerepl\u0151k: Sz\u0151ke Zolt\u00e1n, Gyebn\u00e1r Csekka, Gubik \u00c1gi, K\u00e1lm\u00e1n Henrietta, Korcsm\u00e1ros Andr\u00e1sEz a k\u00e9tfelvon\u00e1sos v\u00edgj\u00e1t\u00e9k nem csak a nevet\u0151izmokat mozgatja meg, hanem azt is megmutatja, milyen v\u00e9kony a hat\u00e1rvonal f\u00e9lt\u00e9s \u00e9s paranoia, szerelem \u00e9s \u0151r\u00fclet k\u00f6z\u00f6tt.Az esem\u00e9ny Facebook oldala:&nbsp;https:\/\/www.facebook.com\/events\/1796820551290166<\/p>","protected":false},"author":1,"featured_media":1025,"comment_status":"open","ping_status":"open","sticky":false,"template":"","format":"standard","meta":{"footnotes":""},"categories":[1],"tags":[],"class_list":["post-1024","post","type-post","status-publish","format-standard","has-post-thumbnail","hentry","category-uncategorized"],"yoast_head":"<!-- This site is optimized with the Yoast SEO Premium plugin v28.3 (Yoast SEO v28.3) - https:\/\/yoast.com\/product\/yoast-seo-premium-wordpress\/ -->\n<title>szeptember 8. kedd 19:00 \u2013 Hullaj\u00f3 N\u00e1sz\u00e9jszaka - BORG Apartmanok &amp; Apartmanh\u00e1z<\/title>\n<meta name=\"robots\" content=\"index, follow, max-snippet:-1, max-image-preview:large, max-video-preview:-1\" \/>\n<link rel=\"canonical\" href=\"https:\/\/borgapartmanok.hu\/en\/2026\/08\/31\/szeptember-8-kedd-1900-hullajo-naszejszaka\/\" \/>\n<meta property=\"og:locale\" content=\"en_GB\" \/>\n<meta property=\"og:type\" content=\"article\" \/>\n<meta property=\"og:title\" content=\"szeptember 8. kedd 19:00 \u2013 Hullaj\u00f3 N\u00e1sz\u00e9jszaka\" \/>\n<meta property=\"og:description\" content=\"Fergeteges v\u00edgj\u00e1t\u00e9k 2 felvon\u00e1sban (2\u00d750 perc)Szerepl\u0151k: Sz\u0151ke Zolt\u00e1n, Gyebn\u00e1r Csekka, Gubik \u00c1gi, K\u00e1lm\u00e1n Henrietta, Korcsm\u00e1ros Andr\u00e1sEz a k\u00e9tfelvon\u00e1sos v\u00edgj\u00e1t\u00e9k nem csak a nevet\u0151izmokat mozgatja meg, hanem azt is megmutatja, milyen v\u00e9kony a hat\u00e1rvonal f\u00e9lt\u00e9s \u00e9s paranoia, szerelem \u00e9s \u0151r\u00fclet k\u00f6z\u00f6tt.Az esem\u00e9ny Facebook oldala:&nbsp;https:\/\/www.facebook.com\/events\/1796820551290166\" \/>\n<meta property=\"og:url\" content=\"https:\/\/borgapartmanok.hu\/en\/2026\/08\/31\/szeptember-8-kedd-1900-hullajo-naszejszaka\/\" \/>\n<meta property=\"og:site_name\" content=\"BORG Apartmanok &amp; Apartmanh\u00e1z\" \/>\n<meta property=\"article:published_time\" content=\"2026-08-31T14:47:55+00:00\" \/>\n<meta property=\"article:modified_time\" content=\"2026-08-31T14:47:57+00:00\" \/>\n<meta property=\"og:image\" content=\"https:\/\/borgapartmanok.hu\/wp-content\/uploads\/2026\/08\/unnamed-scaled.jpg\" \/>\n\t<meta property=\"og:image:width\" content=\"1810\" \/>\n\t<meta property=\"og:image:height\" content=\"2560\" \/>\n\t<meta property=\"og:image:type\" content=\"image\/jpeg\" \/>\n<meta name=\"author\" content=\"jeschkata\" \/>\n<meta name=\"twitter:card\" content=\"summary_large_image\" \/>\n<meta name=\"twitter:label1\" content=\"Written by\" \/>\n\t<meta name=\"twitter:data1\" content=\"jeschkata\" \/>\n\t<meta name=\"twitter:label2\" content=\"Estimated reading time\" \/>\n\t<meta name=\"twitter:data2\" content=\"1 minute\" \/>\n<script type=\"application\/ld+json\" class=\"yoast-schema-graph\">{\"@context\":\"https:\\\/\\\/schema.org\",\"@graph\":[{\"@type\":\"Article\",\"@id\":\"https:\\\/\\\/borgapartmanok.hu\\\/2026\\\/08\\\/31\\\/szeptember-8-kedd-1900-hullajo-naszejszaka\\\/#article\",\"isPartOf\":{\"@id\":\"https:\\\/\\\/borgapartmanok.hu\\\/2026\\\/08\\\/31\\\/szeptember-8-kedd-1900-hullajo-naszejszaka\\\/\"},\"author\":{\"name\":\"jeschkata\",\"@id\":\"https:\\\/\\\/borgapartmanok.hu\\\/#\\\/schema\\\/person\\\/3cf88efecd602f7d565d857adb99b9cb\"},\"headline\":\"szeptember 8. kedd 19:00 \u2013 Hullaj\u00f3 N\u00e1sz\u00e9jszaka\",\"datePublished\":\"2026-08-31T14:47:55+00:00\",\"dateModified\":\"2026-08-31T14:47:57+00:00\",\"mainEntityOfPage\":{\"@id\":\"https:\\\/\\\/borgapartmanok.hu\\\/2026\\\/08\\\/31\\\/szeptember-8-kedd-1900-hullajo-naszejszaka\\\/\"},\"wordCount\":81,\"commentCount\":0,\"image\":{\"@id\":\"https:\\\/\\\/borgapartmanok.hu\\\/2026\\\/08\\\/31\\\/szeptember-8-kedd-1900-hullajo-naszejszaka\\\/#primaryimage\"},\"thumbnailUrl\":\"https:\\\/\\\/borgapartmanok.hu\\\/wp-content\\\/uploads\\\/2026\\\/08\\\/unnamed-scaled.jpg\",\"articleSection\":[\"Uncategorized\"],\"inLanguage\":\"en-GB\",\"potentialAction\":[{\"@type\":\"CommentAction\",\"name\":\"Comment\",\"target\":[\"https:\\\/\\\/borgapartmanok.hu\\\/2026\\\/08\\\/31\\\/szeptember-8-kedd-1900-hullajo-naszejszaka\\\/#respond\"]}]},{\"@type\":\"WebPage\",\"@id\":\"https:\\\/\\\/borgapartmanok.hu\\\/2026\\\/08\\\/31\\\/szeptember-8-kedd-1900-hullajo-naszejszaka\\\/\",\"url\":\"https:\\\/\\\/borgapartmanok.hu\\\/2026\\\/08\\\/31\\\/szeptember-8-kedd-1900-hullajo-naszejszaka\\\/\",\"name\":\"szeptember 8. kedd 19:00 \u2013 Hullaj\u00f3 N\u00e1sz\u00e9jszaka - BORG Apartmanok &amp; Apartmanh\u00e1z\",\"isPartOf\":{\"@id\":\"https:\\\/\\\/borgapartmanok.hu\\\/#website\"},\"primaryImageOfPage\":{\"@id\":\"https:\\\/\\\/borgapartmanok.hu\\\/2026\\\/08\\\/31\\\/szeptember-8-kedd-1900-hullajo-naszejszaka\\\/#primaryimage\"},\"image\":{\"@id\":\"https:\\\/\\\/borgapartmanok.hu\\\/2026\\\/08\\\/31\\\/szeptember-8-kedd-1900-hullajo-naszejszaka\\\/#primaryimage\"},\"thumbnailUrl\":\"https:\\\/\\\/borgapartmanok.hu\\\/wp-content\\\/uploads\\\/2026\\\/08\\\/unnamed-scaled.jpg\",\"datePublished\":\"2026-08-31T14:47:55+00:00\",\"dateModified\":\"2026-08-31T14:47:57+00:00\",\"author\":{\"@id\":\"https:\\\/\\\/borgapartmanok.hu\\\/#\\\/schema\\\/person\\\/3cf88efecd602f7d565d857adb99b9cb\"},\"breadcrumb\":{\"@id\":\"https:\\\/\\\/borgapartmanok.hu\\\/2026\\\/08\\\/31\\\/szeptember-8-kedd-1900-hullajo-naszejszaka\\\/#breadcrumb\"},\"inLanguage\":\"en-GB\",\"potentialAction\":[{\"@type\":\"ReadAction\",\"target\":[\"https:\\\/\\\/borgapartmanok.hu\\\/2026\\\/08\\\/31\\\/szeptember-8-kedd-1900-hullajo-naszejszaka\\\/\"]}]},{\"@type\":\"ImageObject\",\"inLanguage\":\"en-GB\",\"@id\":\"https:\\\/\\\/borgapartmanok.hu\\\/2026\\\/08\\\/31\\\/szeptember-8-kedd-1900-hullajo-naszejszaka\\\/#primaryimage\",\"url\":\"https:\\\/\\\/borgapartmanok.hu\\\/wp-content\\\/uploads\\\/2026\\\/08\\\/unnamed-scaled.jpg\",\"contentUrl\":\"https:\\\/\\\/borgapartmanok.hu\\\/wp-content\\\/uploads\\\/2026\\\/08\\\/unnamed-scaled.jpg\",\"width\":1810,\"height\":2560},{\"@type\":\"BreadcrumbList\",\"@id\":\"https:\\\/\\\/borgapartmanok.hu\\\/2026\\\/08\\\/31\\\/szeptember-8-kedd-1900-hullajo-naszejszaka\\\/#breadcrumb\",\"itemListElement\":[{\"@type\":\"ListItem\",\"position\":1,\"name\":\"Home\",\"item\":\"https:\\\/\\\/borgapartmanok.hu\\\/\"},{\"@type\":\"ListItem\",\"position\":2,\"name\":\"szeptember 8. kedd 19:00 \u2013 Hullaj\u00f3 N\u00e1sz\u00e9jszaka\"}]},{\"@type\":\"WebSite\",\"@id\":\"https:\\\/\\\/borgapartmanok.hu\\\/#website\",\"url\":\"https:\\\/\\\/borgapartmanok.hu\\\/\",\"name\":\"BORG Apartmanok &amp; Apartmanh\u00e1z\",\"description\":\"Exkluz\u00edv apartmanok Cegl\u00e9den\",\"potentialAction\":[{\"@type\":\"SearchAction\",\"target\":{\"@type\":\"EntryPoint\",\"urlTemplate\":\"https:\\\/\\\/borgapartmanok.hu\\\/?s={search_term_string}\"},\"query-input\":{\"@type\":\"PropertyValueSpecification\",\"valueRequired\":true,\"valueName\":\"search_term_string\"}}],\"inLanguage\":\"en-GB\"},{\"@type\":\"Person\",\"@id\":\"https:\\\/\\\/borgapartmanok.hu\\\/#\\\/schema\\\/person\\\/3cf88efecd602f7d565d857adb99b9cb\",\"name\":\"jeschkata\",\"image\":{\"@type\":\"ImageObject\",\"inLanguage\":\"en-GB\",\"@id\":\"https:\\\/\\\/secure.gravatar.com\\\/avatar\\\/fc3f26134630bdb245f92b19b6f135eaf0633a27c05c3b955e4ccce4626da23b?s=96&d=mm&r=g\",\"url\":\"https:\\\/\\\/secure.gravatar.com\\\/avatar\\\/fc3f26134630bdb245f92b19b6f135eaf0633a27c05c3b955e4ccce4626da23b?s=96&d=mm&r=g\",\"contentUrl\":\"https:\\\/\\\/secure.gravatar.com\\\/avatar\\\/fc3f26134630bdb245f92b19b6f135eaf0633a27c05c3b955e4ccce4626da23b?s=96&d=mm&r=g\",\"caption\":\"jeschkata\"},\"sameAs\":[\"https:\\\/\\\/borgapartmanok.hu\"],\"url\":\"https:\\\/\\\/borgapartmanok.hu\\\/en\\\/author\\\/jeschkata\\\/\"}]}<\/script>\n<!-- \/ Yoast SEO Premium plugin. -->","yoast_head_json":{"title":"szeptember 8. kedd 19:00 \u2013 Hullaj\u00f3 N\u00e1sz\u00e9jszaka - BORG Apartmanok &amp; Apartmanh\u00e1z","robots":{"index":"index","follow":"follow","max-snippet":"max-snippet:-1","max-image-preview":"max-image-preview:large","max-video-preview":"max-video-preview:-1"},"canonical":"https:\/\/borgapartmanok.hu\/en\/2026\/08\/31\/szeptember-8-kedd-1900-hullajo-naszejszaka\/","og_locale":"en_GB","og_type":"article","og_title":"szeptember 8. kedd 19:00 \u2013 Hullaj\u00f3 N\u00e1sz\u00e9jszaka","og_description":"Fergeteges v\u00edgj\u00e1t\u00e9k 2 felvon\u00e1sban (2\u00d750 perc)Szerepl\u0151k: Sz\u0151ke Zolt\u00e1n, Gyebn\u00e1r Csekka, Gubik \u00c1gi, K\u00e1lm\u00e1n Henrietta, Korcsm\u00e1ros Andr\u00e1sEz a k\u00e9tfelvon\u00e1sos v\u00edgj\u00e1t\u00e9k nem csak a nevet\u0151izmokat mozgatja meg, hanem azt is megmutatja, milyen v\u00e9kony a hat\u00e1rvonal f\u00e9lt\u00e9s \u00e9s paranoia, szerelem \u00e9s \u0151r\u00fclet k\u00f6z\u00f6tt.Az esem\u00e9ny Facebook oldala:&nbsp;https:\/\/www.facebook.com\/events\/1796820551290166","og_url":"https:\/\/borgapartmanok.hu\/en\/2026\/08\/31\/szeptember-8-kedd-1900-hullajo-naszejszaka\/","og_site_name":"BORG Apartmanok &amp; Apartmanh\u00e1z","article_published_time":"2026-08-31T14:47:55+00:00","article_modified_time":"2026-08-31T14:47:57+00:00","og_image":[{"width":1810,"height":2560,"url":"https:\/\/borgapartmanok.hu\/wp-content\/uploads\/2026\/08\/unnamed-scaled.jpg","type":"image\/jpeg"}],"author":"jeschkata","twitter_card":"summary_large_image","twitter_misc":{"Written by":"jeschkata","Estimated reading time":"1 minute"},"schema":{"@context":"https:\/\/schema.org","@graph":[{"@type":"Article","@id":"https:\/\/borgapartmanok.hu\/2026\/08\/31\/szeptember-8-kedd-1900-hullajo-naszejszaka\/#article","isPartOf":{"@id":"https:\/\/borgapartmanok.hu\/2026\/08\/31\/szeptember-8-kedd-1900-hullajo-naszejszaka\/"},"author":{"name":"jeschkata","@id":"https:\/\/borgapartmanok.hu\/#\/schema\/person\/3cf88efecd602f7d565d857adb99b9cb"},"headline":"szeptember 8. kedd 19:00 \u2013 Hullaj\u00f3 N\u00e1sz\u00e9jszaka","datePublished":"2026-08-31T14:47:55+00:00","dateModified":"2026-08-31T14:47:57+00:00","mainEntityOfPage":{"@id":"https:\/\/borgapartmanok.hu\/2026\/08\/31\/szeptember-8-kedd-1900-hullajo-naszejszaka\/"},"wordCount":81,"commentCount":0,"image":{"@id":"https:\/\/borgapartmanok.hu\/2026\/08\/31\/szeptember-8-kedd-1900-hullajo-naszejszaka\/#primaryimage"},"thumbnailUrl":"https:\/\/borgapartmanok.hu\/wp-content\/uploads\/2026\/08\/unnamed-scaled.jpg","articleSection":["Uncategorized"],"inLanguage":"en-GB","potentialAction":[{"@type":"CommentAction","name":"Comment","target":["https:\/\/borgapartmanok.hu\/2026\/08\/31\/szeptember-8-kedd-1900-hullajo-naszejszaka\/#respond"]}]},{"@type":"WebPage","@id":"https:\/\/borgapartmanok.hu\/2026\/08\/31\/szeptember-8-kedd-1900-hullajo-naszejszaka\/","url":"https:\/\/borgapartmanok.hu\/2026\/08\/31\/szeptember-8-kedd-1900-hullajo-naszejszaka\/","name":"szeptember 8. kedd 19:00 \u2013 Hullaj\u00f3 N\u00e1sz\u00e9jszaka - BORG Apartmanok &amp; Apartmanh\u00e1z","isPartOf":{"@id":"https:\/\/borgapartmanok.hu\/#website"},"primaryImageOfPage":{"@id":"https:\/\/borgapartmanok.hu\/2026\/08\/31\/szeptember-8-kedd-1900-hullajo-naszejszaka\/#primaryimage"},"image":{"@id":"https:\/\/borgapartmanok.hu\/2026\/08\/31\/szeptember-8-kedd-1900-hullajo-naszejszaka\/#primaryimage"},"thumbnailUrl":"https:\/\/borgapartmanok.hu\/wp-content\/uploads\/2026\/08\/unnamed-scaled.jpg","datePublished":"2026-08-31T14:47:55+00:00","dateModified":"2026-08-31T14:47:57+00:00","author":{"@id":"https:\/\/borgapartmanok.hu\/#\/schema\/person\/3cf88efecd602f7d565d857adb99b9cb"},"breadcrumb":{"@id":"https:\/\/borgapartmanok.hu\/2026\/08\/31\/szeptember-8-kedd-1900-hullajo-naszejszaka\/#breadcrumb"},"inLanguage":"en-GB","potentialAction":[{"@type":"ReadAction","target":["https:\/\/borgapartmanok.hu\/2026\/08\/31\/szeptember-8-kedd-1900-hullajo-naszejszaka\/"]}]},{"@type":"ImageObject","inLanguage":"en-GB","@id":"https:\/\/borgapartmanok.hu\/2026\/08\/31\/szeptember-8-kedd-1900-hullajo-naszejszaka\/#primaryimage","url":"https:\/\/borgapartmanok.hu\/wp-content\/uploads\/2026\/08\/unnamed-scaled.jpg","contentUrl":"https:\/\/borgapartmanok.hu\/wp-content\/uploads\/2026\/08\/unnamed-scaled.jpg","width":1810,"height":2560},{"@type":"BreadcrumbList","@id":"https:\/\/borgapartmanok.hu\/2026\/08\/31\/szeptember-8-kedd-1900-hullajo-naszejszaka\/#breadcrumb","itemListElement":[{"@type":"ListItem","position":1,"name":"Home","item":"https:\/\/borgapartmanok.hu\/"},{"@type":"ListItem","position":2,"name":"szeptember 8. kedd 19:00 \u2013 Hullaj\u00f3 N\u00e1sz\u00e9jszaka"}]},{"@type":"WebSite","@id":"https:\/\/borgapartmanok.hu\/#website","url":"https:\/\/borgapartmanok.hu\/","name":"BORG Apartmanok &amp; Apartmanh\u00e1z","description":"Exkluz\u00edv apartmanok Cegl\u00e9den","potentialAction":[{"@type":"SearchAction","target":{"@type":"EntryPoint","urlTemplate":"https:\/\/borgapartmanok.hu\/?s={search_term_string}"},"query-input":{"@type":"PropertyValueSpecification","valueRequired":true,"valueName":"search_term_string"}}],"inLanguage":"en-GB"},{"@type":"Person","@id":"https:\/\/borgapartmanok.hu\/#\/schema\/person\/3cf88efecd602f7d565d857adb99b9cb","name":"jeschkata","image":{"@type":"ImageObject","inLanguage":"en-GB","@id":"https:\/\/secure.gravatar.com\/avatar\/fc3f26134630bdb245f92b19b6f135eaf0633a27c05c3b955e4ccce4626da23b?s=96&d=mm&r=g","url":"https:\/\/secure.gravatar.com\/avatar\/fc3f26134630bdb245f92b19b6f135eaf0633a27c05c3b955e4ccce4626da23b?s=96&d=mm&r=g","contentUrl":"https:\/\/secure.gravatar.com\/avatar\/fc3f26134630bdb245f92b19b6f135eaf0633a27c05c3b955e4ccce4626da23b?s=96&d=mm&r=g","caption":"jeschkata"},"sameAs":["https:\/\/borgapartmanok.hu"],"url":"https:\/\/borgapartmanok.hu\/en\/author\/jeschkata\/"}]}},"_links":{"self":[{"href":"https:\/\/borgapartmanok.hu\/en\/wp-json\/wp\/v2\/posts\/1024","targetHints":{"allow":["GET"]}}],"collection":[{"href":"https:\/\/borgapartmanok.hu\/en\/wp-json\/wp\/v2\/posts"}],"about":[{"href":"https:\/\/borgapartmanok.hu\/en\/wp-json\/wp\/v2\/types\/post"}],"author":[{"embeddable":true,"href":"https:\/\/borgapartmanok.hu\/en\/wp-json\/wp\/v2\/users\/1"}],"replies":[{"embeddable":true,"href":"https:\/\/borgapartmanok.hu\/en\/wp-json\/wp\/v2\/comments?post=1024"}],"version-history":[{"count":1,"href":"https:\/\/borgapartmanok.hu\/en\/wp-json\/wp\/v2\/posts\/1024\/revisions"}],"predecessor-version":[{"id":1026,"href":"https:\/\/borgapartmanok.hu\/en\/wp-json\/wp\/v2\/posts\/1024\/revisions\/1026"}],"wp:featuredmedia":[{"embeddable":true,"href":"https:\/\/borgapartmanok.hu\/en\/wp-json\/wp\/v2\/media\/1025"}],"wp:attachment":[{"href":"https:\/\/borgapartmanok.hu\/en\/wp-json\/wp\/v2\/media?parent=1024"}],"wp:term":[{"taxonomy":"category","embeddable":true,"href":"https:\/\/borgapartmanok.hu\/en\/wp-json\/wp\/v2\/categories?post=1024"},{"taxonomy":"post_tag","embeddable":true,"href":"https:\/\/borgapartmanok.hu\/en\/wp-json\/wp\/v2\/tags?post=1024"}],"curies":[{"name":"wp","href":"https:\/\/api.w.org\/{rel}","templated":true}]}}