{"id":1030,"date":"2026-08-31T14:50:13","date_gmt":"2026-08-31T14:50:13","guid":{"rendered":"https:\/\/borgapartmanok.hu\/?p=1030"},"modified":"2026-08-31T14:50:15","modified_gmt":"2026-08-31T14:50:15","slug":"szeptember-16-szerda-1400-a-szo-ereje-szonokverseny","status":"publish","type":"post","link":"https:\/\/borgapartmanok.hu\/en\/2026\/08\/31\/szeptember-16-szerda-1400-a-szo-ereje-szonokverseny\/","title":{"rendered":"szeptember 16. szerda 14:00 \u2013 \u201eA sz\u00f3 ereje\u201d sz\u00f3nokverseny"},"content":{"rendered":"<blockquote class=\"wp-block-quote is-layout-flow wp-block-quote-is-layout-flow\">\n<figure class=\"wp-block-table\"><table class=\"has-fixed-layout\"><tbody><tr><td>Helysz\u00edn: Kossuth M\u0171vel\u0151d\u00e9si K\u00f6zpont<br>Szerinted is hatalom a sz\u00f3? K\u00e9pes lenn\u00e9l meggy\u0151zni egy t\u00f6meget, mint Kossuth, vagy \u00fczenni a j\u00f6v\u0151nek, mint Berzsenyi?<br>A verseny menete \u2013 Ahogy a nagyok csin\u00e1lj\u00e1k:<br>Ez nem egy betanult sz\u00f6veg versenye! Itt a helysz\u00ednen d\u0151l el minden:<br>1. A feladat: A konkr\u00e9t t\u00e9m\u00e1t a verseny napj\u00e1n kapod meg a zs\u0171rit\u0151l.<br>2. Felk\u00e9sz\u00fcl\u00e9s: 45 perced lesz, hogy \u00f6sszeszedd a gondolataidat, v\u00e1zlatot \u00e9s jegyzeteket k\u00e9sz\u00edts.<br>3. A besz\u00e9d: 3-5 percben kell meggy\u0151zn\u00f6d a hallgat\u00f3s\u00e1got \u00e9s a szakmai zs\u0171rit.<br>Az esem\u00e9ny Facebook oldala:&nbsp;<a href=\"https:\/\/us.list-manage.com\/Cmc9_Q9Yoi4?e=81684e4bee&amp;c2id=9a36eb630448b62e1094909f52f2aa6c\" target=\"_blank\" rel=\"noopener\">https:\/\/www.facebook.com\/<wbr>events\/1077742481619687<\/a><\/td><\/tr><\/tbody><\/table><\/figure>\n<\/blockquote>","protected":false},"excerpt":{"rendered":"<p>Helysz\u00edn: Kossuth M\u0171vel\u0151d\u00e9si K\u00f6zpontSzerinted is hatalom a sz\u00f3? K\u00e9pes lenn\u00e9l meggy\u0151zni egy t\u00f6meget, mint Kossuth, vagy \u00fczenni a j\u00f6v\u0151nek, mint Berzsenyi?A verseny menete \u2013 Ahogy a nagyok csin\u00e1lj\u00e1k:Ez nem egy betanult sz\u00f6veg versenye! Itt a helysz\u00ednen d\u0151l el minden:1. A feladat: A konkr\u00e9t t\u00e9m\u00e1t a verseny napj\u00e1n kapod meg a zs\u0171rit\u0151l.2. Felk\u00e9sz\u00fcl\u00e9s: 45 perced lesz, [&hellip;]<\/p>\n","protected":false},"author":1,"featured_media":1031,"comment_status":"open","ping_status":"open","sticky":false,"template":"","format":"standard","meta":{"footnotes":""},"categories":[1],"tags":[],"class_list":["post-1030","post","type-post","status-publish","format-standard","has-post-thumbnail","hentry","category-uncategorized"],"yoast_head":"<!-- This site is optimized with the Yoast SEO Premium plugin v28.3 (Yoast SEO v28.3) - https:\/\/yoast.com\/product\/yoast-seo-premium-wordpress\/ -->\n<title>szeptember 16. szerda 14:00 \u2013 \u201eA sz\u00f3 ereje\u201d sz\u00f3nokverseny - BORG Apartmanok &amp; Apartmanh\u00e1z<\/title>\n<meta name=\"robots\" content=\"index, follow, max-snippet:-1, max-image-preview:large, max-video-preview:-1\" \/>\n<link rel=\"canonical\" href=\"https:\/\/borgapartmanok.hu\/en\/2026\/08\/31\/szeptember-16-szerda-1400-a-szo-ereje-szonokverseny\/\" \/>\n<meta property=\"og:locale\" content=\"en_GB\" \/>\n<meta property=\"og:type\" content=\"article\" \/>\n<meta property=\"og:title\" content=\"szeptember 16. szerda 14:00 \u2013 \u201eA sz\u00f3 ereje\u201d sz\u00f3nokverseny\" \/>\n<meta property=\"og:description\" content=\"Helysz\u00edn: Kossuth M\u0171vel\u0151d\u00e9si K\u00f6zpontSzerinted is hatalom a sz\u00f3? K\u00e9pes lenn\u00e9l meggy\u0151zni egy t\u00f6meget, mint Kossuth, vagy \u00fczenni a j\u00f6v\u0151nek, mint Berzsenyi?A verseny menete \u2013 Ahogy a nagyok csin\u00e1lj\u00e1k:Ez nem egy betanult sz\u00f6veg versenye! Itt a helysz\u00ednen d\u0151l el minden:1. A feladat: A konkr\u00e9t t\u00e9m\u00e1t a verseny napj\u00e1n kapod meg a zs\u0171rit\u0151l.2. Felk\u00e9sz\u00fcl\u00e9s: 45 perced lesz, [&hellip;]\" \/>\n<meta property=\"og:url\" content=\"https:\/\/borgapartmanok.hu\/en\/2026\/08\/31\/szeptember-16-szerda-1400-a-szo-ereje-szonokverseny\/\" \/>\n<meta property=\"og:site_name\" content=\"BORG Apartmanok &amp; Apartmanh\u00e1z\" \/>\n<meta property=\"article:published_time\" content=\"2026-08-31T14:50:13+00:00\" \/>\n<meta property=\"article:modified_time\" content=\"2026-08-31T14:50:15+00:00\" \/>\n<meta property=\"og:image\" content=\"https:\/\/borgapartmanok.hu\/wp-content\/uploads\/2026\/08\/unnamed-2.jpg\" \/>\n\t<meta property=\"og:image:width\" content=\"1672\" \/>\n\t<meta property=\"og:image:height\" content=\"941\" \/>\n\t<meta property=\"og:image:type\" content=\"image\/jpeg\" \/>\n<meta name=\"author\" content=\"jeschkata\" \/>\n<meta name=\"twitter:card\" content=\"summary_large_image\" \/>\n<meta name=\"twitter:label1\" content=\"Written by\" \/>\n\t<meta name=\"twitter:data1\" content=\"jeschkata\" \/>\n\t<meta name=\"twitter:label2\" content=\"Estimated reading time\" \/>\n\t<meta name=\"twitter:data2\" content=\"1 minute\" \/>\n<script type=\"application\/ld+json\" class=\"yoast-schema-graph\">{\"@context\":\"https:\\\/\\\/schema.org\",\"@graph\":[{\"@type\":\"Article\",\"@id\":\"https:\\\/\\\/borgapartmanok.hu\\\/2026\\\/08\\\/31\\\/szeptember-16-szerda-1400-a-szo-ereje-szonokverseny\\\/#article\",\"isPartOf\":{\"@id\":\"https:\\\/\\\/borgapartmanok.hu\\\/2026\\\/08\\\/31\\\/szeptember-16-szerda-1400-a-szo-ereje-szonokverseny\\\/\"},\"author\":{\"name\":\"jeschkata\",\"@id\":\"https:\\\/\\\/borgapartmanok.hu\\\/#\\\/schema\\\/person\\\/3cf88efecd602f7d565d857adb99b9cb\"},\"headline\":\"szeptember 16. szerda 14:00 \u2013 \u201eA sz\u00f3 ereje\u201d sz\u00f3nokverseny\",\"datePublished\":\"2026-08-31T14:50:13+00:00\",\"dateModified\":\"2026-08-31T14:50:15+00:00\",\"mainEntityOfPage\":{\"@id\":\"https:\\\/\\\/borgapartmanok.hu\\\/2026\\\/08\\\/31\\\/szeptember-16-szerda-1400-a-szo-ereje-szonokverseny\\\/\"},\"wordCount\":127,\"commentCount\":0,\"image\":{\"@id\":\"https:\\\/\\\/borgapartmanok.hu\\\/2026\\\/08\\\/31\\\/szeptember-16-szerda-1400-a-szo-ereje-szonokverseny\\\/#primaryimage\"},\"thumbnailUrl\":\"https:\\\/\\\/borgapartmanok.hu\\\/wp-content\\\/uploads\\\/2026\\\/08\\\/unnamed-2.jpg\",\"articleSection\":[\"Uncategorized\"],\"inLanguage\":\"en-GB\",\"potentialAction\":[{\"@type\":\"CommentAction\",\"name\":\"Comment\",\"target\":[\"https:\\\/\\\/borgapartmanok.hu\\\/2026\\\/08\\\/31\\\/szeptember-16-szerda-1400-a-szo-ereje-szonokverseny\\\/#respond\"]}]},{\"@type\":\"WebPage\",\"@id\":\"https:\\\/\\\/borgapartmanok.hu\\\/2026\\\/08\\\/31\\\/szeptember-16-szerda-1400-a-szo-ereje-szonokverseny\\\/\",\"url\":\"https:\\\/\\\/borgapartmanok.hu\\\/2026\\\/08\\\/31\\\/szeptember-16-szerda-1400-a-szo-ereje-szonokverseny\\\/\",\"name\":\"szeptember 16. szerda 14:00 \u2013 \u201eA sz\u00f3 ereje\u201d sz\u00f3nokverseny - BORG Apartmanok &amp; Apartmanh\u00e1z\",\"isPartOf\":{\"@id\":\"https:\\\/\\\/borgapartmanok.hu\\\/#website\"},\"primaryImageOfPage\":{\"@id\":\"https:\\\/\\\/borgapartmanok.hu\\\/2026\\\/08\\\/31\\\/szeptember-16-szerda-1400-a-szo-ereje-szonokverseny\\\/#primaryimage\"},\"image\":{\"@id\":\"https:\\\/\\\/borgapartmanok.hu\\\/2026\\\/08\\\/31\\\/szeptember-16-szerda-1400-a-szo-ereje-szonokverseny\\\/#primaryimage\"},\"thumbnailUrl\":\"https:\\\/\\\/borgapartmanok.hu\\\/wp-content\\\/uploads\\\/2026\\\/08\\\/unnamed-2.jpg\",\"datePublished\":\"2026-08-31T14:50:13+00:00\",\"dateModified\":\"2026-08-31T14:50:15+00:00\",\"author\":{\"@id\":\"https:\\\/\\\/borgapartmanok.hu\\\/#\\\/schema\\\/person\\\/3cf88efecd602f7d565d857adb99b9cb\"},\"breadcrumb\":{\"@id\":\"https:\\\/\\\/borgapartmanok.hu\\\/2026\\\/08\\\/31\\\/szeptember-16-szerda-1400-a-szo-ereje-szonokverseny\\\/#breadcrumb\"},\"inLanguage\":\"en-GB\",\"potentialAction\":[{\"@type\":\"ReadAction\",\"target\":[\"https:\\\/\\\/borgapartmanok.hu\\\/2026\\\/08\\\/31\\\/szeptember-16-szerda-1400-a-szo-ereje-szonokverseny\\\/\"]}]},{\"@type\":\"ImageObject\",\"inLanguage\":\"en-GB\",\"@id\":\"https:\\\/\\\/borgapartmanok.hu\\\/2026\\\/08\\\/31\\\/szeptember-16-szerda-1400-a-szo-ereje-szonokverseny\\\/#primaryimage\",\"url\":\"https:\\\/\\\/borgapartmanok.hu\\\/wp-content\\\/uploads\\\/2026\\\/08\\\/unnamed-2.jpg\",\"contentUrl\":\"https:\\\/\\\/borgapartmanok.hu\\\/wp-content\\\/uploads\\\/2026\\\/08\\\/unnamed-2.jpg\",\"width\":1672,\"height\":941},{\"@type\":\"BreadcrumbList\",\"@id\":\"https:\\\/\\\/borgapartmanok.hu\\\/2026\\\/08\\\/31\\\/szeptember-16-szerda-1400-a-szo-ereje-szonokverseny\\\/#breadcrumb\",\"itemListElement\":[{\"@type\":\"ListItem\",\"position\":1,\"name\":\"Home\",\"item\":\"https:\\\/\\\/borgapartmanok.hu\\\/\"},{\"@type\":\"ListItem\",\"position\":2,\"name\":\"szeptember 16. szerda 14:00 \u2013 \u201eA sz\u00f3 ereje\u201d sz\u00f3nokverseny\"}]},{\"@type\":\"WebSite\",\"@id\":\"https:\\\/\\\/borgapartmanok.hu\\\/#website\",\"url\":\"https:\\\/\\\/borgapartmanok.hu\\\/\",\"name\":\"BORG Apartmanok &amp; Apartmanh\u00e1z\",\"description\":\"Exkluz\u00edv apartmanok Cegl\u00e9den\",\"potentialAction\":[{\"@type\":\"SearchAction\",\"target\":{\"@type\":\"EntryPoint\",\"urlTemplate\":\"https:\\\/\\\/borgapartmanok.hu\\\/?s={search_term_string}\"},\"query-input\":{\"@type\":\"PropertyValueSpecification\",\"valueRequired\":true,\"valueName\":\"search_term_string\"}}],\"inLanguage\":\"en-GB\"},{\"@type\":\"Person\",\"@id\":\"https:\\\/\\\/borgapartmanok.hu\\\/#\\\/schema\\\/person\\\/3cf88efecd602f7d565d857adb99b9cb\",\"name\":\"jeschkata\",\"image\":{\"@type\":\"ImageObject\",\"inLanguage\":\"en-GB\",\"@id\":\"https:\\\/\\\/secure.gravatar.com\\\/avatar\\\/fc3f26134630bdb245f92b19b6f135eaf0633a27c05c3b955e4ccce4626da23b?s=96&d=mm&r=g\",\"url\":\"https:\\\/\\\/secure.gravatar.com\\\/avatar\\\/fc3f26134630bdb245f92b19b6f135eaf0633a27c05c3b955e4ccce4626da23b?s=96&d=mm&r=g\",\"contentUrl\":\"https:\\\/\\\/secure.gravatar.com\\\/avatar\\\/fc3f26134630bdb245f92b19b6f135eaf0633a27c05c3b955e4ccce4626da23b?s=96&d=mm&r=g\",\"caption\":\"jeschkata\"},\"sameAs\":[\"https:\\\/\\\/borgapartmanok.hu\"],\"url\":\"https:\\\/\\\/borgapartmanok.hu\\\/en\\\/author\\\/jeschkata\\\/\"}]}<\/script>\n<!-- \/ Yoast SEO Premium plugin. -->","yoast_head_json":{"title":"szeptember 16. szerda 14:00 \u2013 \u201eA sz\u00f3 ereje\u201d sz\u00f3nokverseny - BORG Apartmanok &amp; Apartmanh\u00e1z","robots":{"index":"index","follow":"follow","max-snippet":"max-snippet:-1","max-image-preview":"max-image-preview:large","max-video-preview":"max-video-preview:-1"},"canonical":"https:\/\/borgapartmanok.hu\/en\/2026\/08\/31\/szeptember-16-szerda-1400-a-szo-ereje-szonokverseny\/","og_locale":"en_GB","og_type":"article","og_title":"szeptember 16. szerda 14:00 \u2013 \u201eA sz\u00f3 ereje\u201d sz\u00f3nokverseny","og_description":"Helysz\u00edn: Kossuth M\u0171vel\u0151d\u00e9si K\u00f6zpontSzerinted is hatalom a sz\u00f3? K\u00e9pes lenn\u00e9l meggy\u0151zni egy t\u00f6meget, mint Kossuth, vagy \u00fczenni a j\u00f6v\u0151nek, mint Berzsenyi?A verseny menete \u2013 Ahogy a nagyok csin\u00e1lj\u00e1k:Ez nem egy betanult sz\u00f6veg versenye! Itt a helysz\u00ednen d\u0151l el minden:1. A feladat: A konkr\u00e9t t\u00e9m\u00e1t a verseny napj\u00e1n kapod meg a zs\u0171rit\u0151l.2. Felk\u00e9sz\u00fcl\u00e9s: 45 perced lesz, [&hellip;]","og_url":"https:\/\/borgapartmanok.hu\/en\/2026\/08\/31\/szeptember-16-szerda-1400-a-szo-ereje-szonokverseny\/","og_site_name":"BORG Apartmanok &amp; Apartmanh\u00e1z","article_published_time":"2026-08-31T14:50:13+00:00","article_modified_time":"2026-08-31T14:50:15+00:00","og_image":[{"width":1672,"height":941,"url":"https:\/\/borgapartmanok.hu\/wp-content\/uploads\/2026\/08\/unnamed-2.jpg","type":"image\/jpeg"}],"author":"jeschkata","twitter_card":"summary_large_image","twitter_misc":{"Written by":"jeschkata","Estimated reading time":"1 minute"},"schema":{"@context":"https:\/\/schema.org","@graph":[{"@type":"Article","@id":"https:\/\/borgapartmanok.hu\/2026\/08\/31\/szeptember-16-szerda-1400-a-szo-ereje-szonokverseny\/#article","isPartOf":{"@id":"https:\/\/borgapartmanok.hu\/2026\/08\/31\/szeptember-16-szerda-1400-a-szo-ereje-szonokverseny\/"},"author":{"name":"jeschkata","@id":"https:\/\/borgapartmanok.hu\/#\/schema\/person\/3cf88efecd602f7d565d857adb99b9cb"},"headline":"szeptember 16. szerda 14:00 \u2013 \u201eA sz\u00f3 ereje\u201d sz\u00f3nokverseny","datePublished":"2026-08-31T14:50:13+00:00","dateModified":"2026-08-31T14:50:15+00:00","mainEntityOfPage":{"@id":"https:\/\/borgapartmanok.hu\/2026\/08\/31\/szeptember-16-szerda-1400-a-szo-ereje-szonokverseny\/"},"wordCount":127,"commentCount":0,"image":{"@id":"https:\/\/borgapartmanok.hu\/2026\/08\/31\/szeptember-16-szerda-1400-a-szo-ereje-szonokverseny\/#primaryimage"},"thumbnailUrl":"https:\/\/borgapartmanok.hu\/wp-content\/uploads\/2026\/08\/unnamed-2.jpg","articleSection":["Uncategorized"],"inLanguage":"en-GB","potentialAction":[{"@type":"CommentAction","name":"Comment","target":["https:\/\/borgapartmanok.hu\/2026\/08\/31\/szeptember-16-szerda-1400-a-szo-ereje-szonokverseny\/#respond"]}]},{"@type":"WebPage","@id":"https:\/\/borgapartmanok.hu\/2026\/08\/31\/szeptember-16-szerda-1400-a-szo-ereje-szonokverseny\/","url":"https:\/\/borgapartmanok.hu\/2026\/08\/31\/szeptember-16-szerda-1400-a-szo-ereje-szonokverseny\/","name":"szeptember 16. szerda 14:00 \u2013 \u201eA sz\u00f3 ereje\u201d sz\u00f3nokverseny - BORG Apartmanok &amp; Apartmanh\u00e1z","isPartOf":{"@id":"https:\/\/borgapartmanok.hu\/#website"},"primaryImageOfPage":{"@id":"https:\/\/borgapartmanok.hu\/2026\/08\/31\/szeptember-16-szerda-1400-a-szo-ereje-szonokverseny\/#primaryimage"},"image":{"@id":"https:\/\/borgapartmanok.hu\/2026\/08\/31\/szeptember-16-szerda-1400-a-szo-ereje-szonokverseny\/#primaryimage"},"thumbnailUrl":"https:\/\/borgapartmanok.hu\/wp-content\/uploads\/2026\/08\/unnamed-2.jpg","datePublished":"2026-08-31T14:50:13+00:00","dateModified":"2026-08-31T14:50:15+00:00","author":{"@id":"https:\/\/borgapartmanok.hu\/#\/schema\/person\/3cf88efecd602f7d565d857adb99b9cb"},"breadcrumb":{"@id":"https:\/\/borgapartmanok.hu\/2026\/08\/31\/szeptember-16-szerda-1400-a-szo-ereje-szonokverseny\/#breadcrumb"},"inLanguage":"en-GB","potentialAction":[{"@type":"ReadAction","target":["https:\/\/borgapartmanok.hu\/2026\/08\/31\/szeptember-16-szerda-1400-a-szo-ereje-szonokverseny\/"]}]},{"@type":"ImageObject","inLanguage":"en-GB","@id":"https:\/\/borgapartmanok.hu\/2026\/08\/31\/szeptember-16-szerda-1400-a-szo-ereje-szonokverseny\/#primaryimage","url":"https:\/\/borgapartmanok.hu\/wp-content\/uploads\/2026\/08\/unnamed-2.jpg","contentUrl":"https:\/\/borgapartmanok.hu\/wp-content\/uploads\/2026\/08\/unnamed-2.jpg","width":1672,"height":941},{"@type":"BreadcrumbList","@id":"https:\/\/borgapartmanok.hu\/2026\/08\/31\/szeptember-16-szerda-1400-a-szo-ereje-szonokverseny\/#breadcrumb","itemListElement":[{"@type":"ListItem","position":1,"name":"Home","item":"https:\/\/borgapartmanok.hu\/"},{"@type":"ListItem","position":2,"name":"szeptember 16. szerda 14:00 \u2013 \u201eA sz\u00f3 ereje\u201d sz\u00f3nokverseny"}]},{"@type":"WebSite","@id":"https:\/\/borgapartmanok.hu\/#website","url":"https:\/\/borgapartmanok.hu\/","name":"BORG Apartmanok &amp; Apartmanh\u00e1z","description":"Exkluz\u00edv apartmanok Cegl\u00e9den","potentialAction":[{"@type":"SearchAction","target":{"@type":"EntryPoint","urlTemplate":"https:\/\/borgapartmanok.hu\/?s={search_term_string}"},"query-input":{"@type":"PropertyValueSpecification","valueRequired":true,"valueName":"search_term_string"}}],"inLanguage":"en-GB"},{"@type":"Person","@id":"https:\/\/borgapartmanok.hu\/#\/schema\/person\/3cf88efecd602f7d565d857adb99b9cb","name":"jeschkata","image":{"@type":"ImageObject","inLanguage":"en-GB","@id":"https:\/\/secure.gravatar.com\/avatar\/fc3f26134630bdb245f92b19b6f135eaf0633a27c05c3b955e4ccce4626da23b?s=96&d=mm&r=g","url":"https:\/\/secure.gravatar.com\/avatar\/fc3f26134630bdb245f92b19b6f135eaf0633a27c05c3b955e4ccce4626da23b?s=96&d=mm&r=g","contentUrl":"https:\/\/secure.gravatar.com\/avatar\/fc3f26134630bdb245f92b19b6f135eaf0633a27c05c3b955e4ccce4626da23b?s=96&d=mm&r=g","caption":"jeschkata"},"sameAs":["https:\/\/borgapartmanok.hu"],"url":"https:\/\/borgapartmanok.hu\/en\/author\/jeschkata\/"}]}},"_links":{"self":[{"href":"https:\/\/borgapartmanok.hu\/en\/wp-json\/wp\/v2\/posts\/1030","targetHints":{"allow":["GET"]}}],"collection":[{"href":"https:\/\/borgapartmanok.hu\/en\/wp-json\/wp\/v2\/posts"}],"about":[{"href":"https:\/\/borgapartmanok.hu\/en\/wp-json\/wp\/v2\/types\/post"}],"author":[{"embeddable":true,"href":"https:\/\/borgapartmanok.hu\/en\/wp-json\/wp\/v2\/users\/1"}],"replies":[{"embeddable":true,"href":"https:\/\/borgapartmanok.hu\/en\/wp-json\/wp\/v2\/comments?post=1030"}],"version-history":[{"count":1,"href":"https:\/\/borgapartmanok.hu\/en\/wp-json\/wp\/v2\/posts\/1030\/revisions"}],"predecessor-version":[{"id":1032,"href":"https:\/\/borgapartmanok.hu\/en\/wp-json\/wp\/v2\/posts\/1030\/revisions\/1032"}],"wp:featuredmedia":[{"embeddable":true,"href":"https:\/\/borgapartmanok.hu\/en\/wp-json\/wp\/v2\/media\/1031"}],"wp:attachment":[{"href":"https:\/\/borgapartmanok.hu\/en\/wp-json\/wp\/v2\/media?parent=1030"}],"wp:term":[{"taxonomy":"category","embeddable":true,"href":"https:\/\/borgapartmanok.hu\/en\/wp-json\/wp\/v2\/categories?post=1030"},{"taxonomy":"post_tag","embeddable":true,"href":"https:\/\/borgapartmanok.hu\/en\/wp-json\/wp\/v2\/tags?post=1030"}],"curies":[{"name":"wp","href":"https:\/\/api.w.org\/{rel}","templated":true}]}}