{"id":1060,"date":"2026-08-31T15:09:29","date_gmt":"2026-08-31T15:09:29","guid":{"rendered":"https:\/\/borgapartmanok.hu\/?p=1060"},"modified":"2026-08-31T15:09:30","modified_gmt":"2026-08-31T15:09:30","slug":"szeptember-16-szerda-1400-a-szo-ereje-versiro-palyazat","status":"publish","type":"post","link":"https:\/\/borgapartmanok.hu\/en\/2026\/08\/31\/szeptember-16-szerda-1400-a-szo-ereje-versiro-palyazat\/","title":{"rendered":"szeptember 16. szerda 14:00 \u2013 \u201eA sz\u00f3 ereje\u201d vers\u00edr\u00f3 p\u00e1ly\u00e1zat"},"content":{"rendered":"<blockquote class=\"wp-block-quote is-layout-flow wp-block-quote-is-layout-flow\">\n<figure class=\"wp-block-table\"><table class=\"has-fixed-layout\"><tbody><tr><td>Szerinted is t\u00f6bb van a magyar nyelvben, mint p\u00e1r emoji \u00e9s r\u00f6vid\u00edt\u00e9s?<br>Id\u00e9n k\u00e9t nagy \u00e9vfordul\u00f3t is \u00fcnnepl\u00fcnk: Berzsenyi D\u00e1niel 250 \u00e9ve sz\u00fcletett, a Cegl\u00e9di Kossuth Toborz\u00f3 pedig \u00e9pp 30 \u00e9ves. Berzsenyi a r\u00edmeivel teremtett var\u00e1zslatot, Kossuth pedig itt, Cegl\u00e9den mutatta meg 1848-ban, hogy a kim\u0171velt besz\u00e9d \u00e9s a sz\u00f3noki t\u0171z k\u00e9pes megv\u00e1ltoztatni a t\u00f6rt\u00e9nelmet.<br>Most rajtad a sor! Keress\u00fck a mai kor \u201el\u00e1nglelk\u0171\u201d vers\u00edr\u00f3it, akik nemcsak haszn\u00e1lj\u00e1k a nyelvet, de felel\u0151ss\u00e9get is \u00e9reznek \u00e9rte.<br>&nbsp;Id\u0151pontok:<br>Lead\u00e1si hat\u00e1rid\u0151: 2026. szeptember 9.<br>Bemutat\u00f3 \u00e9s eredm\u00e9nyhirdet\u00e9s: 2026. szeptember 16. (szerda) 14:00<br>K\u00f6tetlen forma, maximum 2 oldalnyi terjedelem<br>Az esem\u00e9ny Facebook oldala:&nbsp;<a href=\"https:\/\/us.list-manage.com\/BUF_NYBac3w?e=81684e4bee&amp;c2id=9a36eb630448b62e1094909f52f2aa6c\" target=\"_blank\" rel=\"noopener\">https:\/\/www.facebook.com\/<wbr>events\/28284025767900643<\/a><\/td><\/tr><\/tbody><\/table><\/figure>\n<\/blockquote>","protected":false},"excerpt":{"rendered":"<p>Szerinted is t\u00f6bb van a magyar nyelvben, mint p\u00e1r emoji \u00e9s r\u00f6vid\u00edt\u00e9s?Id\u00e9n k\u00e9t nagy \u00e9vfordul\u00f3t is \u00fcnnepl\u00fcnk: Berzsenyi D\u00e1niel 250 \u00e9ve sz\u00fcletett, a Cegl\u00e9di Kossuth Toborz\u00f3 pedig \u00e9pp 30 \u00e9ves. Berzsenyi a r\u00edmeivel teremtett var\u00e1zslatot, Kossuth pedig itt, Cegl\u00e9den mutatta meg 1848-ban, hogy a kim\u0171velt besz\u00e9d \u00e9s a sz\u00f3noki t\u0171z k\u00e9pes megv\u00e1ltoztatni a t\u00f6rt\u00e9nelmet.Most rajtad [&hellip;]<\/p>\n","protected":false},"author":1,"featured_media":1061,"comment_status":"open","ping_status":"open","sticky":false,"template":"","format":"standard","meta":{"footnotes":""},"categories":[1],"tags":[],"class_list":["post-1060","post","type-post","status-publish","format-standard","has-post-thumbnail","hentry","category-uncategorized"],"yoast_head":"<!-- This site is optimized with the Yoast SEO Premium plugin v28.3 (Yoast SEO v28.3) - https:\/\/yoast.com\/product\/yoast-seo-premium-wordpress\/ -->\n<title>szeptember 16. szerda 14:00 \u2013 \u201eA sz\u00f3 ereje\u201d vers\u00edr\u00f3 p\u00e1ly\u00e1zat - BORG Apartmanok &amp; Apartmanh\u00e1z<\/title>\n<meta name=\"robots\" content=\"index, follow, max-snippet:-1, max-image-preview:large, max-video-preview:-1\" \/>\n<link rel=\"canonical\" href=\"https:\/\/borgapartmanok.hu\/en\/2026\/08\/31\/szeptember-16-szerda-1400-a-szo-ereje-versiro-palyazat\/\" \/>\n<meta property=\"og:locale\" content=\"en_GB\" \/>\n<meta property=\"og:type\" content=\"article\" \/>\n<meta property=\"og:title\" content=\"szeptember 16. szerda 14:00 \u2013 \u201eA sz\u00f3 ereje\u201d vers\u00edr\u00f3 p\u00e1ly\u00e1zat\" \/>\n<meta property=\"og:description\" content=\"Szerinted is t\u00f6bb van a magyar nyelvben, mint p\u00e1r emoji \u00e9s r\u00f6vid\u00edt\u00e9s?Id\u00e9n k\u00e9t nagy \u00e9vfordul\u00f3t is \u00fcnnepl\u00fcnk: Berzsenyi D\u00e1niel 250 \u00e9ve sz\u00fcletett, a Cegl\u00e9di Kossuth Toborz\u00f3 pedig \u00e9pp 30 \u00e9ves. Berzsenyi a r\u00edmeivel teremtett var\u00e1zslatot, Kossuth pedig itt, Cegl\u00e9den mutatta meg 1848-ban, hogy a kim\u0171velt besz\u00e9d \u00e9s a sz\u00f3noki t\u0171z k\u00e9pes megv\u00e1ltoztatni a t\u00f6rt\u00e9nelmet.Most rajtad [&hellip;]\" \/>\n<meta property=\"og:url\" content=\"https:\/\/borgapartmanok.hu\/en\/2026\/08\/31\/szeptember-16-szerda-1400-a-szo-ereje-versiro-palyazat\/\" \/>\n<meta property=\"og:site_name\" content=\"BORG Apartmanok &amp; Apartmanh\u00e1z\" \/>\n<meta property=\"article:published_time\" content=\"2026-08-31T15:09:29+00:00\" \/>\n<meta property=\"article:modified_time\" content=\"2026-08-31T15:09:30+00:00\" \/>\n<meta property=\"og:image\" content=\"https:\/\/borgapartmanok.hu\/wp-content\/uploads\/2026\/08\/unnamed-3.jpg\" \/>\n\t<meta property=\"og:image:width\" content=\"1672\" \/>\n\t<meta property=\"og:image:height\" content=\"941\" \/>\n\t<meta property=\"og:image:type\" content=\"image\/jpeg\" \/>\n<meta name=\"author\" content=\"jeschkata\" \/>\n<meta name=\"twitter:card\" content=\"summary_large_image\" \/>\n<meta name=\"twitter:label1\" content=\"Written by\" \/>\n\t<meta name=\"twitter:data1\" content=\"jeschkata\" \/>\n\t<meta name=\"twitter:label2\" content=\"Estimated reading time\" \/>\n\t<meta name=\"twitter:data2\" content=\"1 minute\" \/>\n<script type=\"application\/ld+json\" class=\"yoast-schema-graph\">{\"@context\":\"https:\\\/\\\/schema.org\",\"@graph\":[{\"@type\":\"Article\",\"@id\":\"https:\\\/\\\/borgapartmanok.hu\\\/2026\\\/08\\\/31\\\/szeptember-16-szerda-1400-a-szo-ereje-versiro-palyazat\\\/#article\",\"isPartOf\":{\"@id\":\"https:\\\/\\\/borgapartmanok.hu\\\/2026\\\/08\\\/31\\\/szeptember-16-szerda-1400-a-szo-ereje-versiro-palyazat\\\/\"},\"author\":{\"name\":\"jeschkata\",\"@id\":\"https:\\\/\\\/borgapartmanok.hu\\\/#\\\/schema\\\/person\\\/3cf88efecd602f7d565d857adb99b9cb\"},\"headline\":\"szeptember 16. szerda 14:00 \u2013 \u201eA sz\u00f3 ereje\u201d vers\u00edr\u00f3 p\u00e1ly\u00e1zat\",\"datePublished\":\"2026-08-31T15:09:29+00:00\",\"dateModified\":\"2026-08-31T15:09:30+00:00\",\"mainEntityOfPage\":{\"@id\":\"https:\\\/\\\/borgapartmanok.hu\\\/2026\\\/08\\\/31\\\/szeptember-16-szerda-1400-a-szo-ereje-versiro-palyazat\\\/\"},\"wordCount\":145,\"commentCount\":0,\"image\":{\"@id\":\"https:\\\/\\\/borgapartmanok.hu\\\/2026\\\/08\\\/31\\\/szeptember-16-szerda-1400-a-szo-ereje-versiro-palyazat\\\/#primaryimage\"},\"thumbnailUrl\":\"https:\\\/\\\/borgapartmanok.hu\\\/wp-content\\\/uploads\\\/2026\\\/08\\\/unnamed-3.jpg\",\"articleSection\":[\"Uncategorized\"],\"inLanguage\":\"en-GB\",\"potentialAction\":[{\"@type\":\"CommentAction\",\"name\":\"Comment\",\"target\":[\"https:\\\/\\\/borgapartmanok.hu\\\/2026\\\/08\\\/31\\\/szeptember-16-szerda-1400-a-szo-ereje-versiro-palyazat\\\/#respond\"]}]},{\"@type\":\"WebPage\",\"@id\":\"https:\\\/\\\/borgapartmanok.hu\\\/2026\\\/08\\\/31\\\/szeptember-16-szerda-1400-a-szo-ereje-versiro-palyazat\\\/\",\"url\":\"https:\\\/\\\/borgapartmanok.hu\\\/2026\\\/08\\\/31\\\/szeptember-16-szerda-1400-a-szo-ereje-versiro-palyazat\\\/\",\"name\":\"szeptember 16. szerda 14:00 \u2013 \u201eA sz\u00f3 ereje\u201d vers\u00edr\u00f3 p\u00e1ly\u00e1zat - BORG Apartmanok &amp; Apartmanh\u00e1z\",\"isPartOf\":{\"@id\":\"https:\\\/\\\/borgapartmanok.hu\\\/#website\"},\"primaryImageOfPage\":{\"@id\":\"https:\\\/\\\/borgapartmanok.hu\\\/2026\\\/08\\\/31\\\/szeptember-16-szerda-1400-a-szo-ereje-versiro-palyazat\\\/#primaryimage\"},\"image\":{\"@id\":\"https:\\\/\\\/borgapartmanok.hu\\\/2026\\\/08\\\/31\\\/szeptember-16-szerda-1400-a-szo-ereje-versiro-palyazat\\\/#primaryimage\"},\"thumbnailUrl\":\"https:\\\/\\\/borgapartmanok.hu\\\/wp-content\\\/uploads\\\/2026\\\/08\\\/unnamed-3.jpg\",\"datePublished\":\"2026-08-31T15:09:29+00:00\",\"dateModified\":\"2026-08-31T15:09:30+00:00\",\"author\":{\"@id\":\"https:\\\/\\\/borgapartmanok.hu\\\/#\\\/schema\\\/person\\\/3cf88efecd602f7d565d857adb99b9cb\"},\"breadcrumb\":{\"@id\":\"https:\\\/\\\/borgapartmanok.hu\\\/2026\\\/08\\\/31\\\/szeptember-16-szerda-1400-a-szo-ereje-versiro-palyazat\\\/#breadcrumb\"},\"inLanguage\":\"en-GB\",\"potentialAction\":[{\"@type\":\"ReadAction\",\"target\":[\"https:\\\/\\\/borgapartmanok.hu\\\/2026\\\/08\\\/31\\\/szeptember-16-szerda-1400-a-szo-ereje-versiro-palyazat\\\/\"]}]},{\"@type\":\"ImageObject\",\"inLanguage\":\"en-GB\",\"@id\":\"https:\\\/\\\/borgapartmanok.hu\\\/2026\\\/08\\\/31\\\/szeptember-16-szerda-1400-a-szo-ereje-versiro-palyazat\\\/#primaryimage\",\"url\":\"https:\\\/\\\/borgapartmanok.hu\\\/wp-content\\\/uploads\\\/2026\\\/08\\\/unnamed-3.jpg\",\"contentUrl\":\"https:\\\/\\\/borgapartmanok.hu\\\/wp-content\\\/uploads\\\/2026\\\/08\\\/unnamed-3.jpg\",\"width\":1672,\"height\":941},{\"@type\":\"BreadcrumbList\",\"@id\":\"https:\\\/\\\/borgapartmanok.hu\\\/2026\\\/08\\\/31\\\/szeptember-16-szerda-1400-a-szo-ereje-versiro-palyazat\\\/#breadcrumb\",\"itemListElement\":[{\"@type\":\"ListItem\",\"position\":1,\"name\":\"Home\",\"item\":\"https:\\\/\\\/borgapartmanok.hu\\\/\"},{\"@type\":\"ListItem\",\"position\":2,\"name\":\"szeptember 16. szerda 14:00 \u2013 \u201eA sz\u00f3 ereje\u201d vers\u00edr\u00f3 p\u00e1ly\u00e1zat\"}]},{\"@type\":\"WebSite\",\"@id\":\"https:\\\/\\\/borgapartmanok.hu\\\/#website\",\"url\":\"https:\\\/\\\/borgapartmanok.hu\\\/\",\"name\":\"BORG Apartmanok &amp; Apartmanh\u00e1z\",\"description\":\"Exkluz\u00edv apartmanok Cegl\u00e9den\",\"potentialAction\":[{\"@type\":\"SearchAction\",\"target\":{\"@type\":\"EntryPoint\",\"urlTemplate\":\"https:\\\/\\\/borgapartmanok.hu\\\/?s={search_term_string}\"},\"query-input\":{\"@type\":\"PropertyValueSpecification\",\"valueRequired\":true,\"valueName\":\"search_term_string\"}}],\"inLanguage\":\"en-GB\"},{\"@type\":\"Person\",\"@id\":\"https:\\\/\\\/borgapartmanok.hu\\\/#\\\/schema\\\/person\\\/3cf88efecd602f7d565d857adb99b9cb\",\"name\":\"jeschkata\",\"image\":{\"@type\":\"ImageObject\",\"inLanguage\":\"en-GB\",\"@id\":\"https:\\\/\\\/secure.gravatar.com\\\/avatar\\\/fc3f26134630bdb245f92b19b6f135eaf0633a27c05c3b955e4ccce4626da23b?s=96&d=mm&r=g\",\"url\":\"https:\\\/\\\/secure.gravatar.com\\\/avatar\\\/fc3f26134630bdb245f92b19b6f135eaf0633a27c05c3b955e4ccce4626da23b?s=96&d=mm&r=g\",\"contentUrl\":\"https:\\\/\\\/secure.gravatar.com\\\/avatar\\\/fc3f26134630bdb245f92b19b6f135eaf0633a27c05c3b955e4ccce4626da23b?s=96&d=mm&r=g\",\"caption\":\"jeschkata\"},\"sameAs\":[\"https:\\\/\\\/borgapartmanok.hu\"],\"url\":\"https:\\\/\\\/borgapartmanok.hu\\\/en\\\/author\\\/jeschkata\\\/\"}]}<\/script>\n<!-- \/ Yoast SEO Premium plugin. -->","yoast_head_json":{"title":"szeptember 16. szerda 14:00 \u2013 \u201eA sz\u00f3 ereje\u201d vers\u00edr\u00f3 p\u00e1ly\u00e1zat - BORG Apartmanok &amp; Apartmanh\u00e1z","robots":{"index":"index","follow":"follow","max-snippet":"max-snippet:-1","max-image-preview":"max-image-preview:large","max-video-preview":"max-video-preview:-1"},"canonical":"https:\/\/borgapartmanok.hu\/en\/2026\/08\/31\/szeptember-16-szerda-1400-a-szo-ereje-versiro-palyazat\/","og_locale":"en_GB","og_type":"article","og_title":"szeptember 16. szerda 14:00 \u2013 \u201eA sz\u00f3 ereje\u201d vers\u00edr\u00f3 p\u00e1ly\u00e1zat","og_description":"Szerinted is t\u00f6bb van a magyar nyelvben, mint p\u00e1r emoji \u00e9s r\u00f6vid\u00edt\u00e9s?Id\u00e9n k\u00e9t nagy \u00e9vfordul\u00f3t is \u00fcnnepl\u00fcnk: Berzsenyi D\u00e1niel 250 \u00e9ve sz\u00fcletett, a Cegl\u00e9di Kossuth Toborz\u00f3 pedig \u00e9pp 30 \u00e9ves. Berzsenyi a r\u00edmeivel teremtett var\u00e1zslatot, Kossuth pedig itt, Cegl\u00e9den mutatta meg 1848-ban, hogy a kim\u0171velt besz\u00e9d \u00e9s a sz\u00f3noki t\u0171z k\u00e9pes megv\u00e1ltoztatni a t\u00f6rt\u00e9nelmet.Most rajtad [&hellip;]","og_url":"https:\/\/borgapartmanok.hu\/en\/2026\/08\/31\/szeptember-16-szerda-1400-a-szo-ereje-versiro-palyazat\/","og_site_name":"BORG Apartmanok &amp; Apartmanh\u00e1z","article_published_time":"2026-08-31T15:09:29+00:00","article_modified_time":"2026-08-31T15:09:30+00:00","og_image":[{"width":1672,"height":941,"url":"https:\/\/borgapartmanok.hu\/wp-content\/uploads\/2026\/08\/unnamed-3.jpg","type":"image\/jpeg"}],"author":"jeschkata","twitter_card":"summary_large_image","twitter_misc":{"Written by":"jeschkata","Estimated reading time":"1 minute"},"schema":{"@context":"https:\/\/schema.org","@graph":[{"@type":"Article","@id":"https:\/\/borgapartmanok.hu\/2026\/08\/31\/szeptember-16-szerda-1400-a-szo-ereje-versiro-palyazat\/#article","isPartOf":{"@id":"https:\/\/borgapartmanok.hu\/2026\/08\/31\/szeptember-16-szerda-1400-a-szo-ereje-versiro-palyazat\/"},"author":{"name":"jeschkata","@id":"https:\/\/borgapartmanok.hu\/#\/schema\/person\/3cf88efecd602f7d565d857adb99b9cb"},"headline":"szeptember 16. szerda 14:00 \u2013 \u201eA sz\u00f3 ereje\u201d vers\u00edr\u00f3 p\u00e1ly\u00e1zat","datePublished":"2026-08-31T15:09:29+00:00","dateModified":"2026-08-31T15:09:30+00:00","mainEntityOfPage":{"@id":"https:\/\/borgapartmanok.hu\/2026\/08\/31\/szeptember-16-szerda-1400-a-szo-ereje-versiro-palyazat\/"},"wordCount":145,"commentCount":0,"image":{"@id":"https:\/\/borgapartmanok.hu\/2026\/08\/31\/szeptember-16-szerda-1400-a-szo-ereje-versiro-palyazat\/#primaryimage"},"thumbnailUrl":"https:\/\/borgapartmanok.hu\/wp-content\/uploads\/2026\/08\/unnamed-3.jpg","articleSection":["Uncategorized"],"inLanguage":"en-GB","potentialAction":[{"@type":"CommentAction","name":"Comment","target":["https:\/\/borgapartmanok.hu\/2026\/08\/31\/szeptember-16-szerda-1400-a-szo-ereje-versiro-palyazat\/#respond"]}]},{"@type":"WebPage","@id":"https:\/\/borgapartmanok.hu\/2026\/08\/31\/szeptember-16-szerda-1400-a-szo-ereje-versiro-palyazat\/","url":"https:\/\/borgapartmanok.hu\/2026\/08\/31\/szeptember-16-szerda-1400-a-szo-ereje-versiro-palyazat\/","name":"szeptember 16. szerda 14:00 \u2013 \u201eA sz\u00f3 ereje\u201d vers\u00edr\u00f3 p\u00e1ly\u00e1zat - BORG Apartmanok &amp; Apartmanh\u00e1z","isPartOf":{"@id":"https:\/\/borgapartmanok.hu\/#website"},"primaryImageOfPage":{"@id":"https:\/\/borgapartmanok.hu\/2026\/08\/31\/szeptember-16-szerda-1400-a-szo-ereje-versiro-palyazat\/#primaryimage"},"image":{"@id":"https:\/\/borgapartmanok.hu\/2026\/08\/31\/szeptember-16-szerda-1400-a-szo-ereje-versiro-palyazat\/#primaryimage"},"thumbnailUrl":"https:\/\/borgapartmanok.hu\/wp-content\/uploads\/2026\/08\/unnamed-3.jpg","datePublished":"2026-08-31T15:09:29+00:00","dateModified":"2026-08-31T15:09:30+00:00","author":{"@id":"https:\/\/borgapartmanok.hu\/#\/schema\/person\/3cf88efecd602f7d565d857adb99b9cb"},"breadcrumb":{"@id":"https:\/\/borgapartmanok.hu\/2026\/08\/31\/szeptember-16-szerda-1400-a-szo-ereje-versiro-palyazat\/#breadcrumb"},"inLanguage":"en-GB","potentialAction":[{"@type":"ReadAction","target":["https:\/\/borgapartmanok.hu\/2026\/08\/31\/szeptember-16-szerda-1400-a-szo-ereje-versiro-palyazat\/"]}]},{"@type":"ImageObject","inLanguage":"en-GB","@id":"https:\/\/borgapartmanok.hu\/2026\/08\/31\/szeptember-16-szerda-1400-a-szo-ereje-versiro-palyazat\/#primaryimage","url":"https:\/\/borgapartmanok.hu\/wp-content\/uploads\/2026\/08\/unnamed-3.jpg","contentUrl":"https:\/\/borgapartmanok.hu\/wp-content\/uploads\/2026\/08\/unnamed-3.jpg","width":1672,"height":941},{"@type":"BreadcrumbList","@id":"https:\/\/borgapartmanok.hu\/2026\/08\/31\/szeptember-16-szerda-1400-a-szo-ereje-versiro-palyazat\/#breadcrumb","itemListElement":[{"@type":"ListItem","position":1,"name":"Home","item":"https:\/\/borgapartmanok.hu\/"},{"@type":"ListItem","position":2,"name":"szeptember 16. szerda 14:00 \u2013 \u201eA sz\u00f3 ereje\u201d vers\u00edr\u00f3 p\u00e1ly\u00e1zat"}]},{"@type":"WebSite","@id":"https:\/\/borgapartmanok.hu\/#website","url":"https:\/\/borgapartmanok.hu\/","name":"BORG Apartmanok &amp; Apartmanh\u00e1z","description":"Exkluz\u00edv apartmanok Cegl\u00e9den","potentialAction":[{"@type":"SearchAction","target":{"@type":"EntryPoint","urlTemplate":"https:\/\/borgapartmanok.hu\/?s={search_term_string}"},"query-input":{"@type":"PropertyValueSpecification","valueRequired":true,"valueName":"search_term_string"}}],"inLanguage":"en-GB"},{"@type":"Person","@id":"https:\/\/borgapartmanok.hu\/#\/schema\/person\/3cf88efecd602f7d565d857adb99b9cb","name":"jeschkata","image":{"@type":"ImageObject","inLanguage":"en-GB","@id":"https:\/\/secure.gravatar.com\/avatar\/fc3f26134630bdb245f92b19b6f135eaf0633a27c05c3b955e4ccce4626da23b?s=96&d=mm&r=g","url":"https:\/\/secure.gravatar.com\/avatar\/fc3f26134630bdb245f92b19b6f135eaf0633a27c05c3b955e4ccce4626da23b?s=96&d=mm&r=g","contentUrl":"https:\/\/secure.gravatar.com\/avatar\/fc3f26134630bdb245f92b19b6f135eaf0633a27c05c3b955e4ccce4626da23b?s=96&d=mm&r=g","caption":"jeschkata"},"sameAs":["https:\/\/borgapartmanok.hu"],"url":"https:\/\/borgapartmanok.hu\/en\/author\/jeschkata\/"}]}},"_links":{"self":[{"href":"https:\/\/borgapartmanok.hu\/en\/wp-json\/wp\/v2\/posts\/1060","targetHints":{"allow":["GET"]}}],"collection":[{"href":"https:\/\/borgapartmanok.hu\/en\/wp-json\/wp\/v2\/posts"}],"about":[{"href":"https:\/\/borgapartmanok.hu\/en\/wp-json\/wp\/v2\/types\/post"}],"author":[{"embeddable":true,"href":"https:\/\/borgapartmanok.hu\/en\/wp-json\/wp\/v2\/users\/1"}],"replies":[{"embeddable":true,"href":"https:\/\/borgapartmanok.hu\/en\/wp-json\/wp\/v2\/comments?post=1060"}],"version-history":[{"count":1,"href":"https:\/\/borgapartmanok.hu\/en\/wp-json\/wp\/v2\/posts\/1060\/revisions"}],"predecessor-version":[{"id":1062,"href":"https:\/\/borgapartmanok.hu\/en\/wp-json\/wp\/v2\/posts\/1060\/revisions\/1062"}],"wp:featuredmedia":[{"embeddable":true,"href":"https:\/\/borgapartmanok.hu\/en\/wp-json\/wp\/v2\/media\/1061"}],"wp:attachment":[{"href":"https:\/\/borgapartmanok.hu\/en\/wp-json\/wp\/v2\/media?parent=1060"}],"wp:term":[{"taxonomy":"category","embeddable":true,"href":"https:\/\/borgapartmanok.hu\/en\/wp-json\/wp\/v2\/categories?post=1060"},{"taxonomy":"post_tag","embeddable":true,"href":"https:\/\/borgapartmanok.hu\/en\/wp-json\/wp\/v2\/tags?post=1060"}],"curies":[{"name":"wp","href":"https:\/\/api.w.org\/{rel}","templated":true}]}}