{"id":1074,"date":"2026-08-31T15:14:29","date_gmt":"2026-08-31T15:14:29","guid":{"rendered":"https:\/\/borgapartmanok.hu\/?p=1074"},"modified":"2026-08-31T15:14:30","modified_gmt":"2026-08-31T15:14:30","slug":"szeptember-29-kedd-1900-boeing-boeing-leszallas-parizsban","status":"publish","type":"post","link":"https:\/\/borgapartmanok.hu\/en\/2026\/08\/31\/szeptember-29-kedd-1900-boeing-boeing-leszallas-parizsban\/","title":{"rendered":"szeptember 29. kedd 19:00 \u2013 Boeing Boeing \u2013 Lesz\u00e1ll\u00e1s P\u00e1rizsban"},"content":{"rendered":"<blockquote class=\"wp-block-quote is-layout-flow wp-block-quote-is-layout-flow\">\n<figure class=\"wp-block-table\"><table class=\"has-fixed-layout\"><tbody><tr><td>Helysz\u00edn: Kossuth M\u0171vel\u0151d\u00e9si K\u00f6zpont<br>Ha a \u201esz\u00ednh\u00e1zcsin\u00e1l\u00f3k\u201d biztosra akarnak menni, akkor a boh\u00f3zatok boh\u00f3zat\u00e1hoz ny\u00falnak, ez pedig nem m\u00e1s, mint a Boeing Boeing (Lesz\u00e1ll\u00e1s P\u00e1rizsban). Camoletti kom\u00e9di\u00e1ja m\u00e9g a Guinness Rekordok K\u00f6nyv\u00e9be is beker\u00fclt, ugyanis ez a vil\u00e1gon legt\u00f6bbet j\u00e1tszott v\u00edgj\u00e1t\u00e9k!<br>Jegy\u00e1r: 8000 Ft \/ 7000 Ft<br>Az esem\u00e9ny Facebook oldala:&nbsp;<a href=\"https:\/\/us.list-manage.com\/15XRr4gd44w?e=81684e4bee&amp;c2id=9a36eb630448b62e1094909f52f2aa6c\" target=\"_blank\" rel=\"noopener\">https:\/\/www.facebook.<wbr>com\/events\/2346218962521459<\/a><\/td><\/tr><\/tbody><\/table><\/figure>\n<\/blockquote>","protected":false},"excerpt":{"rendered":"<p>Helysz\u00edn: Kossuth M\u0171vel\u0151d\u00e9si K\u00f6zpontHa a \u201esz\u00ednh\u00e1zcsin\u00e1l\u00f3k\u201d biztosra akarnak menni, akkor a boh\u00f3zatok boh\u00f3zat\u00e1hoz ny\u00falnak, ez pedig nem m\u00e1s, mint a Boeing Boeing (Lesz\u00e1ll\u00e1s P\u00e1rizsban). Camoletti kom\u00e9di\u00e1ja m\u00e9g a Guinness Rekordok K\u00f6nyv\u00e9be is beker\u00fclt, ugyanis ez a vil\u00e1gon legt\u00f6bbet j\u00e1tszott v\u00edgj\u00e1t\u00e9k!Jegy\u00e1r: 8000 Ft \/ 7000 FtAz esem\u00e9ny Facebook oldala:&nbsp;https:\/\/www.facebook.com\/events\/2346218962521459<\/p>","protected":false},"author":1,"featured_media":1075,"comment_status":"open","ping_status":"open","sticky":false,"template":"","format":"standard","meta":{"footnotes":""},"categories":[1],"tags":[],"class_list":["post-1074","post","type-post","status-publish","format-standard","has-post-thumbnail","hentry","category-uncategorized"],"yoast_head":"<!-- This site is optimized with the Yoast SEO Premium plugin v28.3 (Yoast SEO v28.3) - https:\/\/yoast.com\/product\/yoast-seo-premium-wordpress\/ -->\n<title>szeptember 29. kedd 19:00 \u2013 Boeing Boeing \u2013 Lesz\u00e1ll\u00e1s P\u00e1rizsban - BORG Apartmanok &amp; Apartmanh\u00e1z<\/title>\n<meta name=\"robots\" content=\"index, follow, max-snippet:-1, max-image-preview:large, max-video-preview:-1\" \/>\n<link rel=\"canonical\" href=\"https:\/\/borgapartmanok.hu\/en\/2026\/08\/31\/szeptember-29-kedd-1900-boeing-boeing-leszallas-parizsban\/\" \/>\n<meta property=\"og:locale\" content=\"en_GB\" \/>\n<meta property=\"og:type\" content=\"article\" \/>\n<meta property=\"og:title\" content=\"szeptember 29. kedd 19:00 \u2013 Boeing Boeing \u2013 Lesz\u00e1ll\u00e1s P\u00e1rizsban\" \/>\n<meta property=\"og:description\" content=\"Helysz\u00edn: Kossuth M\u0171vel\u0151d\u00e9si K\u00f6zpontHa a \u201esz\u00ednh\u00e1zcsin\u00e1l\u00f3k\u201d biztosra akarnak menni, akkor a boh\u00f3zatok boh\u00f3zat\u00e1hoz ny\u00falnak, ez pedig nem m\u00e1s, mint a Boeing Boeing (Lesz\u00e1ll\u00e1s P\u00e1rizsban). Camoletti kom\u00e9di\u00e1ja m\u00e9g a Guinness Rekordok K\u00f6nyv\u00e9be is beker\u00fclt, ugyanis ez a vil\u00e1gon legt\u00f6bbet j\u00e1tszott v\u00edgj\u00e1t\u00e9k!Jegy\u00e1r: 8000 Ft \/ 7000 FtAz esem\u00e9ny Facebook oldala:&nbsp;https:\/\/www.facebook.com\/events\/2346218962521459\" \/>\n<meta property=\"og:url\" content=\"https:\/\/borgapartmanok.hu\/en\/2026\/08\/31\/szeptember-29-kedd-1900-boeing-boeing-leszallas-parizsban\/\" \/>\n<meta property=\"og:site_name\" content=\"BORG Apartmanok &amp; Apartmanh\u00e1z\" \/>\n<meta property=\"article:published_time\" content=\"2026-08-31T15:14:29+00:00\" \/>\n<meta property=\"article:modified_time\" content=\"2026-08-31T15:14:30+00:00\" \/>\n<meta property=\"og:image\" content=\"https:\/\/borgapartmanok.hu\/wp-content\/uploads\/2026\/08\/boeing-boeing-leszallas-parizsban-vigjatek-ket-felvonasban-original-281084.webp\" \/>\n\t<meta property=\"og:image:width\" content=\"1080\" \/>\n\t<meta property=\"og:image:height\" content=\"636\" \/>\n\t<meta property=\"og:image:type\" content=\"image\/webp\" \/>\n<meta name=\"author\" content=\"jeschkata\" \/>\n<meta name=\"twitter:card\" content=\"summary_large_image\" \/>\n<meta name=\"twitter:label1\" content=\"Written by\" \/>\n\t<meta name=\"twitter:data1\" content=\"jeschkata\" \/>\n\t<meta name=\"twitter:label2\" content=\"Estimated reading time\" \/>\n\t<meta name=\"twitter:data2\" content=\"1 minute\" \/>\n<script type=\"application\/ld+json\" class=\"yoast-schema-graph\">{\"@context\":\"https:\\\/\\\/schema.org\",\"@graph\":[{\"@type\":\"Article\",\"@id\":\"https:\\\/\\\/borgapartmanok.hu\\\/2026\\\/08\\\/31\\\/szeptember-29-kedd-1900-boeing-boeing-leszallas-parizsban\\\/#article\",\"isPartOf\":{\"@id\":\"https:\\\/\\\/borgapartmanok.hu\\\/2026\\\/08\\\/31\\\/szeptember-29-kedd-1900-boeing-boeing-leszallas-parizsban\\\/\"},\"author\":{\"name\":\"jeschkata\",\"@id\":\"https:\\\/\\\/borgapartmanok.hu\\\/#\\\/schema\\\/person\\\/3cf88efecd602f7d565d857adb99b9cb\"},\"headline\":\"szeptember 29. kedd 19:00 \u2013 Boeing Boeing \u2013 Lesz\u00e1ll\u00e1s P\u00e1rizsban\",\"datePublished\":\"2026-08-31T15:14:29+00:00\",\"dateModified\":\"2026-08-31T15:14:30+00:00\",\"mainEntityOfPage\":{\"@id\":\"https:\\\/\\\/borgapartmanok.hu\\\/2026\\\/08\\\/31\\\/szeptember-29-kedd-1900-boeing-boeing-leszallas-parizsban\\\/\"},\"wordCount\":92,\"commentCount\":0,\"image\":{\"@id\":\"https:\\\/\\\/borgapartmanok.hu\\\/2026\\\/08\\\/31\\\/szeptember-29-kedd-1900-boeing-boeing-leszallas-parizsban\\\/#primaryimage\"},\"thumbnailUrl\":\"https:\\\/\\\/borgapartmanok.hu\\\/wp-content\\\/uploads\\\/2026\\\/08\\\/boeing-boeing-leszallas-parizsban-vigjatek-ket-felvonasban-original-281084.webp\",\"articleSection\":[\"Uncategorized\"],\"inLanguage\":\"en-GB\",\"potentialAction\":[{\"@type\":\"CommentAction\",\"name\":\"Comment\",\"target\":[\"https:\\\/\\\/borgapartmanok.hu\\\/2026\\\/08\\\/31\\\/szeptember-29-kedd-1900-boeing-boeing-leszallas-parizsban\\\/#respond\"]}]},{\"@type\":\"WebPage\",\"@id\":\"https:\\\/\\\/borgapartmanok.hu\\\/2026\\\/08\\\/31\\\/szeptember-29-kedd-1900-boeing-boeing-leszallas-parizsban\\\/\",\"url\":\"https:\\\/\\\/borgapartmanok.hu\\\/2026\\\/08\\\/31\\\/szeptember-29-kedd-1900-boeing-boeing-leszallas-parizsban\\\/\",\"name\":\"szeptember 29. kedd 19:00 \u2013 Boeing Boeing \u2013 Lesz\u00e1ll\u00e1s P\u00e1rizsban - BORG Apartmanok &amp; Apartmanh\u00e1z\",\"isPartOf\":{\"@id\":\"https:\\\/\\\/borgapartmanok.hu\\\/#website\"},\"primaryImageOfPage\":{\"@id\":\"https:\\\/\\\/borgapartmanok.hu\\\/2026\\\/08\\\/31\\\/szeptember-29-kedd-1900-boeing-boeing-leszallas-parizsban\\\/#primaryimage\"},\"image\":{\"@id\":\"https:\\\/\\\/borgapartmanok.hu\\\/2026\\\/08\\\/31\\\/szeptember-29-kedd-1900-boeing-boeing-leszallas-parizsban\\\/#primaryimage\"},\"thumbnailUrl\":\"https:\\\/\\\/borgapartmanok.hu\\\/wp-content\\\/uploads\\\/2026\\\/08\\\/boeing-boeing-leszallas-parizsban-vigjatek-ket-felvonasban-original-281084.webp\",\"datePublished\":\"2026-08-31T15:14:29+00:00\",\"dateModified\":\"2026-08-31T15:14:30+00:00\",\"author\":{\"@id\":\"https:\\\/\\\/borgapartmanok.hu\\\/#\\\/schema\\\/person\\\/3cf88efecd602f7d565d857adb99b9cb\"},\"breadcrumb\":{\"@id\":\"https:\\\/\\\/borgapartmanok.hu\\\/2026\\\/08\\\/31\\\/szeptember-29-kedd-1900-boeing-boeing-leszallas-parizsban\\\/#breadcrumb\"},\"inLanguage\":\"en-GB\",\"potentialAction\":[{\"@type\":\"ReadAction\",\"target\":[\"https:\\\/\\\/borgapartmanok.hu\\\/2026\\\/08\\\/31\\\/szeptember-29-kedd-1900-boeing-boeing-leszallas-parizsban\\\/\"]}]},{\"@type\":\"ImageObject\",\"inLanguage\":\"en-GB\",\"@id\":\"https:\\\/\\\/borgapartmanok.hu\\\/2026\\\/08\\\/31\\\/szeptember-29-kedd-1900-boeing-boeing-leszallas-parizsban\\\/#primaryimage\",\"url\":\"https:\\\/\\\/borgapartmanok.hu\\\/wp-content\\\/uploads\\\/2026\\\/08\\\/boeing-boeing-leszallas-parizsban-vigjatek-ket-felvonasban-original-281084.webp\",\"contentUrl\":\"https:\\\/\\\/borgapartmanok.hu\\\/wp-content\\\/uploads\\\/2026\\\/08\\\/boeing-boeing-leszallas-parizsban-vigjatek-ket-felvonasban-original-281084.webp\",\"width\":1080,\"height\":636},{\"@type\":\"BreadcrumbList\",\"@id\":\"https:\\\/\\\/borgapartmanok.hu\\\/2026\\\/08\\\/31\\\/szeptember-29-kedd-1900-boeing-boeing-leszallas-parizsban\\\/#breadcrumb\",\"itemListElement\":[{\"@type\":\"ListItem\",\"position\":1,\"name\":\"Home\",\"item\":\"https:\\\/\\\/borgapartmanok.hu\\\/\"},{\"@type\":\"ListItem\",\"position\":2,\"name\":\"szeptember 29. kedd 19:00 \u2013 Boeing Boeing \u2013 Lesz\u00e1ll\u00e1s P\u00e1rizsban\"}]},{\"@type\":\"WebSite\",\"@id\":\"https:\\\/\\\/borgapartmanok.hu\\\/#website\",\"url\":\"https:\\\/\\\/borgapartmanok.hu\\\/\",\"name\":\"BORG Apartmanok &amp; Apartmanh\u00e1z\",\"description\":\"Exkluz\u00edv apartmanok Cegl\u00e9den\",\"potentialAction\":[{\"@type\":\"SearchAction\",\"target\":{\"@type\":\"EntryPoint\",\"urlTemplate\":\"https:\\\/\\\/borgapartmanok.hu\\\/?s={search_term_string}\"},\"query-input\":{\"@type\":\"PropertyValueSpecification\",\"valueRequired\":true,\"valueName\":\"search_term_string\"}}],\"inLanguage\":\"en-GB\"},{\"@type\":\"Person\",\"@id\":\"https:\\\/\\\/borgapartmanok.hu\\\/#\\\/schema\\\/person\\\/3cf88efecd602f7d565d857adb99b9cb\",\"name\":\"jeschkata\",\"image\":{\"@type\":\"ImageObject\",\"inLanguage\":\"en-GB\",\"@id\":\"https:\\\/\\\/secure.gravatar.com\\\/avatar\\\/fc3f26134630bdb245f92b19b6f135eaf0633a27c05c3b955e4ccce4626da23b?s=96&d=mm&r=g\",\"url\":\"https:\\\/\\\/secure.gravatar.com\\\/avatar\\\/fc3f26134630bdb245f92b19b6f135eaf0633a27c05c3b955e4ccce4626da23b?s=96&d=mm&r=g\",\"contentUrl\":\"https:\\\/\\\/secure.gravatar.com\\\/avatar\\\/fc3f26134630bdb245f92b19b6f135eaf0633a27c05c3b955e4ccce4626da23b?s=96&d=mm&r=g\",\"caption\":\"jeschkata\"},\"sameAs\":[\"https:\\\/\\\/borgapartmanok.hu\"],\"url\":\"https:\\\/\\\/borgapartmanok.hu\\\/en\\\/author\\\/jeschkata\\\/\"}]}<\/script>\n<!-- \/ Yoast SEO Premium plugin. -->","yoast_head_json":{"title":"szeptember 29. kedd 19:00 \u2013 Boeing Boeing \u2013 Lesz\u00e1ll\u00e1s P\u00e1rizsban - BORG Apartmanok &amp; Apartmanh\u00e1z","robots":{"index":"index","follow":"follow","max-snippet":"max-snippet:-1","max-image-preview":"max-image-preview:large","max-video-preview":"max-video-preview:-1"},"canonical":"https:\/\/borgapartmanok.hu\/en\/2026\/08\/31\/szeptember-29-kedd-1900-boeing-boeing-leszallas-parizsban\/","og_locale":"en_GB","og_type":"article","og_title":"szeptember 29. kedd 19:00 \u2013 Boeing Boeing \u2013 Lesz\u00e1ll\u00e1s P\u00e1rizsban","og_description":"Helysz\u00edn: Kossuth M\u0171vel\u0151d\u00e9si K\u00f6zpontHa a \u201esz\u00ednh\u00e1zcsin\u00e1l\u00f3k\u201d biztosra akarnak menni, akkor a boh\u00f3zatok boh\u00f3zat\u00e1hoz ny\u00falnak, ez pedig nem m\u00e1s, mint a Boeing Boeing (Lesz\u00e1ll\u00e1s P\u00e1rizsban). Camoletti kom\u00e9di\u00e1ja m\u00e9g a Guinness Rekordok K\u00f6nyv\u00e9be is beker\u00fclt, ugyanis ez a vil\u00e1gon legt\u00f6bbet j\u00e1tszott v\u00edgj\u00e1t\u00e9k!Jegy\u00e1r: 8000 Ft \/ 7000 FtAz esem\u00e9ny Facebook oldala:&nbsp;https:\/\/www.facebook.com\/events\/2346218962521459","og_url":"https:\/\/borgapartmanok.hu\/en\/2026\/08\/31\/szeptember-29-kedd-1900-boeing-boeing-leszallas-parizsban\/","og_site_name":"BORG Apartmanok &amp; Apartmanh\u00e1z","article_published_time":"2026-08-31T15:14:29+00:00","article_modified_time":"2026-08-31T15:14:30+00:00","og_image":[{"width":1080,"height":636,"url":"https:\/\/borgapartmanok.hu\/wp-content\/uploads\/2026\/08\/boeing-boeing-leszallas-parizsban-vigjatek-ket-felvonasban-original-281084.webp","type":"image\/webp"}],"author":"jeschkata","twitter_card":"summary_large_image","twitter_misc":{"Written by":"jeschkata","Estimated reading time":"1 minute"},"schema":{"@context":"https:\/\/schema.org","@graph":[{"@type":"Article","@id":"https:\/\/borgapartmanok.hu\/2026\/08\/31\/szeptember-29-kedd-1900-boeing-boeing-leszallas-parizsban\/#article","isPartOf":{"@id":"https:\/\/borgapartmanok.hu\/2026\/08\/31\/szeptember-29-kedd-1900-boeing-boeing-leszallas-parizsban\/"},"author":{"name":"jeschkata","@id":"https:\/\/borgapartmanok.hu\/#\/schema\/person\/3cf88efecd602f7d565d857adb99b9cb"},"headline":"szeptember 29. kedd 19:00 \u2013 Boeing Boeing \u2013 Lesz\u00e1ll\u00e1s P\u00e1rizsban","datePublished":"2026-08-31T15:14:29+00:00","dateModified":"2026-08-31T15:14:30+00:00","mainEntityOfPage":{"@id":"https:\/\/borgapartmanok.hu\/2026\/08\/31\/szeptember-29-kedd-1900-boeing-boeing-leszallas-parizsban\/"},"wordCount":92,"commentCount":0,"image":{"@id":"https:\/\/borgapartmanok.hu\/2026\/08\/31\/szeptember-29-kedd-1900-boeing-boeing-leszallas-parizsban\/#primaryimage"},"thumbnailUrl":"https:\/\/borgapartmanok.hu\/wp-content\/uploads\/2026\/08\/boeing-boeing-leszallas-parizsban-vigjatek-ket-felvonasban-original-281084.webp","articleSection":["Uncategorized"],"inLanguage":"en-GB","potentialAction":[{"@type":"CommentAction","name":"Comment","target":["https:\/\/borgapartmanok.hu\/2026\/08\/31\/szeptember-29-kedd-1900-boeing-boeing-leszallas-parizsban\/#respond"]}]},{"@type":"WebPage","@id":"https:\/\/borgapartmanok.hu\/2026\/08\/31\/szeptember-29-kedd-1900-boeing-boeing-leszallas-parizsban\/","url":"https:\/\/borgapartmanok.hu\/2026\/08\/31\/szeptember-29-kedd-1900-boeing-boeing-leszallas-parizsban\/","name":"szeptember 29. kedd 19:00 \u2013 Boeing Boeing \u2013 Lesz\u00e1ll\u00e1s P\u00e1rizsban - BORG Apartmanok &amp; Apartmanh\u00e1z","isPartOf":{"@id":"https:\/\/borgapartmanok.hu\/#website"},"primaryImageOfPage":{"@id":"https:\/\/borgapartmanok.hu\/2026\/08\/31\/szeptember-29-kedd-1900-boeing-boeing-leszallas-parizsban\/#primaryimage"},"image":{"@id":"https:\/\/borgapartmanok.hu\/2026\/08\/31\/szeptember-29-kedd-1900-boeing-boeing-leszallas-parizsban\/#primaryimage"},"thumbnailUrl":"https:\/\/borgapartmanok.hu\/wp-content\/uploads\/2026\/08\/boeing-boeing-leszallas-parizsban-vigjatek-ket-felvonasban-original-281084.webp","datePublished":"2026-08-31T15:14:29+00:00","dateModified":"2026-08-31T15:14:30+00:00","author":{"@id":"https:\/\/borgapartmanok.hu\/#\/schema\/person\/3cf88efecd602f7d565d857adb99b9cb"},"breadcrumb":{"@id":"https:\/\/borgapartmanok.hu\/2026\/08\/31\/szeptember-29-kedd-1900-boeing-boeing-leszallas-parizsban\/#breadcrumb"},"inLanguage":"en-GB","potentialAction":[{"@type":"ReadAction","target":["https:\/\/borgapartmanok.hu\/2026\/08\/31\/szeptember-29-kedd-1900-boeing-boeing-leszallas-parizsban\/"]}]},{"@type":"ImageObject","inLanguage":"en-GB","@id":"https:\/\/borgapartmanok.hu\/2026\/08\/31\/szeptember-29-kedd-1900-boeing-boeing-leszallas-parizsban\/#primaryimage","url":"https:\/\/borgapartmanok.hu\/wp-content\/uploads\/2026\/08\/boeing-boeing-leszallas-parizsban-vigjatek-ket-felvonasban-original-281084.webp","contentUrl":"https:\/\/borgapartmanok.hu\/wp-content\/uploads\/2026\/08\/boeing-boeing-leszallas-parizsban-vigjatek-ket-felvonasban-original-281084.webp","width":1080,"height":636},{"@type":"BreadcrumbList","@id":"https:\/\/borgapartmanok.hu\/2026\/08\/31\/szeptember-29-kedd-1900-boeing-boeing-leszallas-parizsban\/#breadcrumb","itemListElement":[{"@type":"ListItem","position":1,"name":"Home","item":"https:\/\/borgapartmanok.hu\/"},{"@type":"ListItem","position":2,"name":"szeptember 29. kedd 19:00 \u2013 Boeing Boeing \u2013 Lesz\u00e1ll\u00e1s P\u00e1rizsban"}]},{"@type":"WebSite","@id":"https:\/\/borgapartmanok.hu\/#website","url":"https:\/\/borgapartmanok.hu\/","name":"BORG Apartmanok &amp; Apartmanh\u00e1z","description":"Exkluz\u00edv apartmanok Cegl\u00e9den","potentialAction":[{"@type":"SearchAction","target":{"@type":"EntryPoint","urlTemplate":"https:\/\/borgapartmanok.hu\/?s={search_term_string}"},"query-input":{"@type":"PropertyValueSpecification","valueRequired":true,"valueName":"search_term_string"}}],"inLanguage":"en-GB"},{"@type":"Person","@id":"https:\/\/borgapartmanok.hu\/#\/schema\/person\/3cf88efecd602f7d565d857adb99b9cb","name":"jeschkata","image":{"@type":"ImageObject","inLanguage":"en-GB","@id":"https:\/\/secure.gravatar.com\/avatar\/fc3f26134630bdb245f92b19b6f135eaf0633a27c05c3b955e4ccce4626da23b?s=96&d=mm&r=g","url":"https:\/\/secure.gravatar.com\/avatar\/fc3f26134630bdb245f92b19b6f135eaf0633a27c05c3b955e4ccce4626da23b?s=96&d=mm&r=g","contentUrl":"https:\/\/secure.gravatar.com\/avatar\/fc3f26134630bdb245f92b19b6f135eaf0633a27c05c3b955e4ccce4626da23b?s=96&d=mm&r=g","caption":"jeschkata"},"sameAs":["https:\/\/borgapartmanok.hu"],"url":"https:\/\/borgapartmanok.hu\/en\/author\/jeschkata\/"}]}},"_links":{"self":[{"href":"https:\/\/borgapartmanok.hu\/en\/wp-json\/wp\/v2\/posts\/1074","targetHints":{"allow":["GET"]}}],"collection":[{"href":"https:\/\/borgapartmanok.hu\/en\/wp-json\/wp\/v2\/posts"}],"about":[{"href":"https:\/\/borgapartmanok.hu\/en\/wp-json\/wp\/v2\/types\/post"}],"author":[{"embeddable":true,"href":"https:\/\/borgapartmanok.hu\/en\/wp-json\/wp\/v2\/users\/1"}],"replies":[{"embeddable":true,"href":"https:\/\/borgapartmanok.hu\/en\/wp-json\/wp\/v2\/comments?post=1074"}],"version-history":[{"count":1,"href":"https:\/\/borgapartmanok.hu\/en\/wp-json\/wp\/v2\/posts\/1074\/revisions"}],"predecessor-version":[{"id":1076,"href":"https:\/\/borgapartmanok.hu\/en\/wp-json\/wp\/v2\/posts\/1074\/revisions\/1076"}],"wp:featuredmedia":[{"embeddable":true,"href":"https:\/\/borgapartmanok.hu\/en\/wp-json\/wp\/v2\/media\/1075"}],"wp:attachment":[{"href":"https:\/\/borgapartmanok.hu\/en\/wp-json\/wp\/v2\/media?parent=1074"}],"wp:term":[{"taxonomy":"category","embeddable":true,"href":"https:\/\/borgapartmanok.hu\/en\/wp-json\/wp\/v2\/categories?post=1074"},{"taxonomy":"post_tag","embeddable":true,"href":"https:\/\/borgapartmanok.hu\/en\/wp-json\/wp\/v2\/tags?post=1074"}],"curies":[{"name":"wp","href":"https:\/\/api.w.org\/{rel}","templated":true}]}}