{"id":1091,"date":"2026-08-31T15:19:40","date_gmt":"2026-08-31T15:19:40","guid":{"rendered":"https:\/\/borgapartmanok.hu\/?p=1091"},"modified":"2026-08-31T15:20:24","modified_gmt":"2026-08-31T15:20:24","slug":"szeptember-9-szerda-1630-igy-tedd-ra-elso-foglalkozas","status":"publish","type":"post","link":"https:\/\/borgapartmanok.hu\/en\/2026\/08\/31\/szeptember-9-szerda-1630-igy-tedd-ra-elso-foglalkozas\/","title":{"rendered":"Cegl\u00e9dbercel &#8211; szeptember 9. szerda 16:30 &#8211; \u00cdgy tedd r\u00e1, els\u0151 foglalkoz\u00e1s"},"content":{"rendered":"<blockquote class=\"wp-block-quote is-layout-flow wp-block-quote-is-layout-flow\">\n<figure class=\"wp-block-table\"><table class=\"has-fixed-layout\"><tbody><tr><td>Helysz\u00edn: Cegl\u00e9dberceli M\u0171vel\u0151d\u00e9si H\u00e1z \u00e9s K\u00f6nyvt\u00e1r<br>Hozzuk vissza egy\u00fctt a j\u00e1t\u00e9kban, dalban \u00e9s t\u00e1ncban gazdag vil\u00e1got a gyerekek mindennapjaiba!<br>Az esem\u00e9ny Facebook oldala:<br><a href=\"https:\/\/us.list-manage.com\/W5ruKthC2LJ?e=81684e4bee&amp;c2id=9a36eb630448b62e1094909f52f2aa6c\" target=\"_blank\" rel=\"noopener\">https:\/\/www.facebook.com\/<wbr>photo\/?fbid=122109072621433858<\/a><\/td><\/tr><\/tbody><\/table><\/figure>\n<\/blockquote>","protected":false},"excerpt":{"rendered":"<p>Helysz\u00edn: Cegl\u00e9dberceli M\u0171vel\u0151d\u00e9si H\u00e1z \u00e9s K\u00f6nyvt\u00e1rHozzuk vissza egy\u00fctt a j\u00e1t\u00e9kban, dalban \u00e9s t\u00e1ncban gazdag vil\u00e1got a gyerekek mindennapjaiba!Az esem\u00e9ny Facebook oldala:https:\/\/www.facebook.com\/photo\/?fbid=122109072621433858<\/p>","protected":false},"author":1,"featured_media":1092,"comment_status":"open","ping_status":"open","sticky":false,"template":"","format":"standard","meta":{"footnotes":""},"categories":[1],"tags":[],"class_list":["post-1091","post","type-post","status-publish","format-standard","has-post-thumbnail","hentry","category-uncategorized"],"yoast_head":"<!-- This site is optimized with the Yoast SEO Premium plugin v28.3 (Yoast SEO v28.3) - https:\/\/yoast.com\/product\/yoast-seo-premium-wordpress\/ -->\n<title>Cegl\u00e9dbercel - szeptember 9. szerda 16:30 - \u00cdgy tedd r\u00e1, els\u0151 foglalkoz\u00e1s - BORG Apartmanok &amp; Apartmanh\u00e1z<\/title>\n<meta name=\"robots\" content=\"index, follow, max-snippet:-1, max-image-preview:large, max-video-preview:-1\" \/>\n<link rel=\"canonical\" href=\"https:\/\/borgapartmanok.hu\/en\/2026\/08\/31\/szeptember-9-szerda-1630-igy-tedd-ra-elso-foglalkozas\/\" \/>\n<meta property=\"og:locale\" content=\"en_GB\" \/>\n<meta property=\"og:type\" content=\"article\" \/>\n<meta property=\"og:title\" content=\"Cegl\u00e9dbercel - szeptember 9. szerda 16:30 - \u00cdgy tedd r\u00e1, els\u0151 foglalkoz\u00e1s\" \/>\n<meta property=\"og:description\" content=\"Helysz\u00edn: Cegl\u00e9dberceli M\u0171vel\u0151d\u00e9si H\u00e1z \u00e9s K\u00f6nyvt\u00e1rHozzuk vissza egy\u00fctt a j\u00e1t\u00e9kban, dalban \u00e9s t\u00e1ncban gazdag vil\u00e1got a gyerekek mindennapjaiba!Az esem\u00e9ny Facebook oldala:https:\/\/www.facebook.com\/photo\/?fbid=122109072621433858\" \/>\n<meta property=\"og:url\" content=\"https:\/\/borgapartmanok.hu\/en\/2026\/08\/31\/szeptember-9-szerda-1630-igy-tedd-ra-elso-foglalkozas\/\" \/>\n<meta property=\"og:site_name\" content=\"BORG Apartmanok &amp; Apartmanh\u00e1z\" \/>\n<meta property=\"article:published_time\" content=\"2026-08-31T15:19:40+00:00\" \/>\n<meta property=\"article:modified_time\" content=\"2026-08-31T15:20:24+00:00\" \/>\n<meta property=\"og:image\" content=\"https:\/\/borgapartmanok.hu\/wp-content\/uploads\/2026\/08\/unnamed-11.jpg\" \/>\n\t<meta property=\"og:image:width\" content=\"689\" \/>\n\t<meta property=\"og:image:height\" content=\"968\" \/>\n\t<meta property=\"og:image:type\" content=\"image\/jpeg\" \/>\n<meta name=\"author\" content=\"jeschkata\" \/>\n<meta name=\"twitter:card\" content=\"summary_large_image\" \/>\n<meta name=\"twitter:label1\" content=\"Written by\" \/>\n\t<meta name=\"twitter:data1\" content=\"jeschkata\" \/>\n\t<meta name=\"twitter:label2\" content=\"Estimated reading time\" \/>\n\t<meta name=\"twitter:data2\" content=\"1 minute\" \/>\n<script type=\"application\/ld+json\" class=\"yoast-schema-graph\">{\"@context\":\"https:\\\/\\\/schema.org\",\"@graph\":[{\"@type\":\"Article\",\"@id\":\"https:\\\/\\\/borgapartmanok.hu\\\/2026\\\/08\\\/31\\\/szeptember-9-szerda-1630-igy-tedd-ra-elso-foglalkozas\\\/#article\",\"isPartOf\":{\"@id\":\"https:\\\/\\\/borgapartmanok.hu\\\/2026\\\/08\\\/31\\\/szeptember-9-szerda-1630-igy-tedd-ra-elso-foglalkozas\\\/\"},\"author\":{\"name\":\"jeschkata\",\"@id\":\"https:\\\/\\\/borgapartmanok.hu\\\/#\\\/schema\\\/person\\\/3cf88efecd602f7d565d857adb99b9cb\"},\"headline\":\"Cegl\u00e9dbercel &#8211; szeptember 9. szerda 16:30 &#8211; \u00cdgy tedd r\u00e1, els\u0151 foglalkoz\u00e1s\",\"datePublished\":\"2026-08-31T15:19:40+00:00\",\"dateModified\":\"2026-08-31T15:20:24+00:00\",\"mainEntityOfPage\":{\"@id\":\"https:\\\/\\\/borgapartmanok.hu\\\/2026\\\/08\\\/31\\\/szeptember-9-szerda-1630-igy-tedd-ra-elso-foglalkozas\\\/\"},\"wordCount\":54,\"commentCount\":0,\"image\":{\"@id\":\"https:\\\/\\\/borgapartmanok.hu\\\/2026\\\/08\\\/31\\\/szeptember-9-szerda-1630-igy-tedd-ra-elso-foglalkozas\\\/#primaryimage\"},\"thumbnailUrl\":\"https:\\\/\\\/borgapartmanok.hu\\\/wp-content\\\/uploads\\\/2026\\\/08\\\/unnamed-11.jpg\",\"articleSection\":[\"Uncategorized\"],\"inLanguage\":\"en-GB\",\"potentialAction\":[{\"@type\":\"CommentAction\",\"name\":\"Comment\",\"target\":[\"https:\\\/\\\/borgapartmanok.hu\\\/2026\\\/08\\\/31\\\/szeptember-9-szerda-1630-igy-tedd-ra-elso-foglalkozas\\\/#respond\"]}]},{\"@type\":\"WebPage\",\"@id\":\"https:\\\/\\\/borgapartmanok.hu\\\/2026\\\/08\\\/31\\\/szeptember-9-szerda-1630-igy-tedd-ra-elso-foglalkozas\\\/\",\"url\":\"https:\\\/\\\/borgapartmanok.hu\\\/2026\\\/08\\\/31\\\/szeptember-9-szerda-1630-igy-tedd-ra-elso-foglalkozas\\\/\",\"name\":\"Cegl\u00e9dbercel - szeptember 9. szerda 16:30 - \u00cdgy tedd r\u00e1, els\u0151 foglalkoz\u00e1s - BORG Apartmanok &amp; Apartmanh\u00e1z\",\"isPartOf\":{\"@id\":\"https:\\\/\\\/borgapartmanok.hu\\\/#website\"},\"primaryImageOfPage\":{\"@id\":\"https:\\\/\\\/borgapartmanok.hu\\\/2026\\\/08\\\/31\\\/szeptember-9-szerda-1630-igy-tedd-ra-elso-foglalkozas\\\/#primaryimage\"},\"image\":{\"@id\":\"https:\\\/\\\/borgapartmanok.hu\\\/2026\\\/08\\\/31\\\/szeptember-9-szerda-1630-igy-tedd-ra-elso-foglalkozas\\\/#primaryimage\"},\"thumbnailUrl\":\"https:\\\/\\\/borgapartmanok.hu\\\/wp-content\\\/uploads\\\/2026\\\/08\\\/unnamed-11.jpg\",\"datePublished\":\"2026-08-31T15:19:40+00:00\",\"dateModified\":\"2026-08-31T15:20:24+00:00\",\"author\":{\"@id\":\"https:\\\/\\\/borgapartmanok.hu\\\/#\\\/schema\\\/person\\\/3cf88efecd602f7d565d857adb99b9cb\"},\"breadcrumb\":{\"@id\":\"https:\\\/\\\/borgapartmanok.hu\\\/2026\\\/08\\\/31\\\/szeptember-9-szerda-1630-igy-tedd-ra-elso-foglalkozas\\\/#breadcrumb\"},\"inLanguage\":\"en-GB\",\"potentialAction\":[{\"@type\":\"ReadAction\",\"target\":[\"https:\\\/\\\/borgapartmanok.hu\\\/2026\\\/08\\\/31\\\/szeptember-9-szerda-1630-igy-tedd-ra-elso-foglalkozas\\\/\"]}]},{\"@type\":\"ImageObject\",\"inLanguage\":\"en-GB\",\"@id\":\"https:\\\/\\\/borgapartmanok.hu\\\/2026\\\/08\\\/31\\\/szeptember-9-szerda-1630-igy-tedd-ra-elso-foglalkozas\\\/#primaryimage\",\"url\":\"https:\\\/\\\/borgapartmanok.hu\\\/wp-content\\\/uploads\\\/2026\\\/08\\\/unnamed-11.jpg\",\"contentUrl\":\"https:\\\/\\\/borgapartmanok.hu\\\/wp-content\\\/uploads\\\/2026\\\/08\\\/unnamed-11.jpg\",\"width\":689,\"height\":968},{\"@type\":\"BreadcrumbList\",\"@id\":\"https:\\\/\\\/borgapartmanok.hu\\\/2026\\\/08\\\/31\\\/szeptember-9-szerda-1630-igy-tedd-ra-elso-foglalkozas\\\/#breadcrumb\",\"itemListElement\":[{\"@type\":\"ListItem\",\"position\":1,\"name\":\"Home\",\"item\":\"https:\\\/\\\/borgapartmanok.hu\\\/\"},{\"@type\":\"ListItem\",\"position\":2,\"name\":\"Cegl\u00e9dbercel &#8211; szeptember 9. szerda 16:30 &#8211; \u00cdgy tedd r\u00e1, els\u0151 foglalkoz\u00e1s\"}]},{\"@type\":\"WebSite\",\"@id\":\"https:\\\/\\\/borgapartmanok.hu\\\/#website\",\"url\":\"https:\\\/\\\/borgapartmanok.hu\\\/\",\"name\":\"BORG Apartmanok &amp; Apartmanh\u00e1z\",\"description\":\"Exkluz\u00edv apartmanok Cegl\u00e9den\",\"potentialAction\":[{\"@type\":\"SearchAction\",\"target\":{\"@type\":\"EntryPoint\",\"urlTemplate\":\"https:\\\/\\\/borgapartmanok.hu\\\/?s={search_term_string}\"},\"query-input\":{\"@type\":\"PropertyValueSpecification\",\"valueRequired\":true,\"valueName\":\"search_term_string\"}}],\"inLanguage\":\"en-GB\"},{\"@type\":\"Person\",\"@id\":\"https:\\\/\\\/borgapartmanok.hu\\\/#\\\/schema\\\/person\\\/3cf88efecd602f7d565d857adb99b9cb\",\"name\":\"jeschkata\",\"image\":{\"@type\":\"ImageObject\",\"inLanguage\":\"en-GB\",\"@id\":\"https:\\\/\\\/secure.gravatar.com\\\/avatar\\\/fc3f26134630bdb245f92b19b6f135eaf0633a27c05c3b955e4ccce4626da23b?s=96&d=mm&r=g\",\"url\":\"https:\\\/\\\/secure.gravatar.com\\\/avatar\\\/fc3f26134630bdb245f92b19b6f135eaf0633a27c05c3b955e4ccce4626da23b?s=96&d=mm&r=g\",\"contentUrl\":\"https:\\\/\\\/secure.gravatar.com\\\/avatar\\\/fc3f26134630bdb245f92b19b6f135eaf0633a27c05c3b955e4ccce4626da23b?s=96&d=mm&r=g\",\"caption\":\"jeschkata\"},\"sameAs\":[\"https:\\\/\\\/borgapartmanok.hu\"],\"url\":\"https:\\\/\\\/borgapartmanok.hu\\\/en\\\/author\\\/jeschkata\\\/\"}]}<\/script>\n<!-- \/ Yoast SEO Premium plugin. -->","yoast_head_json":{"title":"Cegl\u00e9dbercel - szeptember 9. szerda 16:30 - \u00cdgy tedd r\u00e1, els\u0151 foglalkoz\u00e1s - BORG Apartmanok &amp; Apartmanh\u00e1z","robots":{"index":"index","follow":"follow","max-snippet":"max-snippet:-1","max-image-preview":"max-image-preview:large","max-video-preview":"max-video-preview:-1"},"canonical":"https:\/\/borgapartmanok.hu\/en\/2026\/08\/31\/szeptember-9-szerda-1630-igy-tedd-ra-elso-foglalkozas\/","og_locale":"en_GB","og_type":"article","og_title":"Cegl\u00e9dbercel - szeptember 9. szerda 16:30 - \u00cdgy tedd r\u00e1, els\u0151 foglalkoz\u00e1s","og_description":"Helysz\u00edn: Cegl\u00e9dberceli M\u0171vel\u0151d\u00e9si H\u00e1z \u00e9s K\u00f6nyvt\u00e1rHozzuk vissza egy\u00fctt a j\u00e1t\u00e9kban, dalban \u00e9s t\u00e1ncban gazdag vil\u00e1got a gyerekek mindennapjaiba!Az esem\u00e9ny Facebook oldala:https:\/\/www.facebook.com\/photo\/?fbid=122109072621433858","og_url":"https:\/\/borgapartmanok.hu\/en\/2026\/08\/31\/szeptember-9-szerda-1630-igy-tedd-ra-elso-foglalkozas\/","og_site_name":"BORG Apartmanok &amp; Apartmanh\u00e1z","article_published_time":"2026-08-31T15:19:40+00:00","article_modified_time":"2026-08-31T15:20:24+00:00","og_image":[{"width":689,"height":968,"url":"https:\/\/borgapartmanok.hu\/wp-content\/uploads\/2026\/08\/unnamed-11.jpg","type":"image\/jpeg"}],"author":"jeschkata","twitter_card":"summary_large_image","twitter_misc":{"Written by":"jeschkata","Estimated reading time":"1 minute"},"schema":{"@context":"https:\/\/schema.org","@graph":[{"@type":"Article","@id":"https:\/\/borgapartmanok.hu\/2026\/08\/31\/szeptember-9-szerda-1630-igy-tedd-ra-elso-foglalkozas\/#article","isPartOf":{"@id":"https:\/\/borgapartmanok.hu\/2026\/08\/31\/szeptember-9-szerda-1630-igy-tedd-ra-elso-foglalkozas\/"},"author":{"name":"jeschkata","@id":"https:\/\/borgapartmanok.hu\/#\/schema\/person\/3cf88efecd602f7d565d857adb99b9cb"},"headline":"Cegl\u00e9dbercel &#8211; szeptember 9. szerda 16:30 &#8211; \u00cdgy tedd r\u00e1, els\u0151 foglalkoz\u00e1s","datePublished":"2026-08-31T15:19:40+00:00","dateModified":"2026-08-31T15:20:24+00:00","mainEntityOfPage":{"@id":"https:\/\/borgapartmanok.hu\/2026\/08\/31\/szeptember-9-szerda-1630-igy-tedd-ra-elso-foglalkozas\/"},"wordCount":54,"commentCount":0,"image":{"@id":"https:\/\/borgapartmanok.hu\/2026\/08\/31\/szeptember-9-szerda-1630-igy-tedd-ra-elso-foglalkozas\/#primaryimage"},"thumbnailUrl":"https:\/\/borgapartmanok.hu\/wp-content\/uploads\/2026\/08\/unnamed-11.jpg","articleSection":["Uncategorized"],"inLanguage":"en-GB","potentialAction":[{"@type":"CommentAction","name":"Comment","target":["https:\/\/borgapartmanok.hu\/2026\/08\/31\/szeptember-9-szerda-1630-igy-tedd-ra-elso-foglalkozas\/#respond"]}]},{"@type":"WebPage","@id":"https:\/\/borgapartmanok.hu\/2026\/08\/31\/szeptember-9-szerda-1630-igy-tedd-ra-elso-foglalkozas\/","url":"https:\/\/borgapartmanok.hu\/2026\/08\/31\/szeptember-9-szerda-1630-igy-tedd-ra-elso-foglalkozas\/","name":"Cegl\u00e9dbercel - szeptember 9. szerda 16:30 - \u00cdgy tedd r\u00e1, els\u0151 foglalkoz\u00e1s - BORG Apartmanok &amp; Apartmanh\u00e1z","isPartOf":{"@id":"https:\/\/borgapartmanok.hu\/#website"},"primaryImageOfPage":{"@id":"https:\/\/borgapartmanok.hu\/2026\/08\/31\/szeptember-9-szerda-1630-igy-tedd-ra-elso-foglalkozas\/#primaryimage"},"image":{"@id":"https:\/\/borgapartmanok.hu\/2026\/08\/31\/szeptember-9-szerda-1630-igy-tedd-ra-elso-foglalkozas\/#primaryimage"},"thumbnailUrl":"https:\/\/borgapartmanok.hu\/wp-content\/uploads\/2026\/08\/unnamed-11.jpg","datePublished":"2026-08-31T15:19:40+00:00","dateModified":"2026-08-31T15:20:24+00:00","author":{"@id":"https:\/\/borgapartmanok.hu\/#\/schema\/person\/3cf88efecd602f7d565d857adb99b9cb"},"breadcrumb":{"@id":"https:\/\/borgapartmanok.hu\/2026\/08\/31\/szeptember-9-szerda-1630-igy-tedd-ra-elso-foglalkozas\/#breadcrumb"},"inLanguage":"en-GB","potentialAction":[{"@type":"ReadAction","target":["https:\/\/borgapartmanok.hu\/2026\/08\/31\/szeptember-9-szerda-1630-igy-tedd-ra-elso-foglalkozas\/"]}]},{"@type":"ImageObject","inLanguage":"en-GB","@id":"https:\/\/borgapartmanok.hu\/2026\/08\/31\/szeptember-9-szerda-1630-igy-tedd-ra-elso-foglalkozas\/#primaryimage","url":"https:\/\/borgapartmanok.hu\/wp-content\/uploads\/2026\/08\/unnamed-11.jpg","contentUrl":"https:\/\/borgapartmanok.hu\/wp-content\/uploads\/2026\/08\/unnamed-11.jpg","width":689,"height":968},{"@type":"BreadcrumbList","@id":"https:\/\/borgapartmanok.hu\/2026\/08\/31\/szeptember-9-szerda-1630-igy-tedd-ra-elso-foglalkozas\/#breadcrumb","itemListElement":[{"@type":"ListItem","position":1,"name":"Home","item":"https:\/\/borgapartmanok.hu\/"},{"@type":"ListItem","position":2,"name":"Cegl\u00e9dbercel &#8211; szeptember 9. szerda 16:30 &#8211; \u00cdgy tedd r\u00e1, els\u0151 foglalkoz\u00e1s"}]},{"@type":"WebSite","@id":"https:\/\/borgapartmanok.hu\/#website","url":"https:\/\/borgapartmanok.hu\/","name":"BORG Apartmanok &amp; Apartmanh\u00e1z","description":"Exkluz\u00edv apartmanok Cegl\u00e9den","potentialAction":[{"@type":"SearchAction","target":{"@type":"EntryPoint","urlTemplate":"https:\/\/borgapartmanok.hu\/?s={search_term_string}"},"query-input":{"@type":"PropertyValueSpecification","valueRequired":true,"valueName":"search_term_string"}}],"inLanguage":"en-GB"},{"@type":"Person","@id":"https:\/\/borgapartmanok.hu\/#\/schema\/person\/3cf88efecd602f7d565d857adb99b9cb","name":"jeschkata","image":{"@type":"ImageObject","inLanguage":"en-GB","@id":"https:\/\/secure.gravatar.com\/avatar\/fc3f26134630bdb245f92b19b6f135eaf0633a27c05c3b955e4ccce4626da23b?s=96&d=mm&r=g","url":"https:\/\/secure.gravatar.com\/avatar\/fc3f26134630bdb245f92b19b6f135eaf0633a27c05c3b955e4ccce4626da23b?s=96&d=mm&r=g","contentUrl":"https:\/\/secure.gravatar.com\/avatar\/fc3f26134630bdb245f92b19b6f135eaf0633a27c05c3b955e4ccce4626da23b?s=96&d=mm&r=g","caption":"jeschkata"},"sameAs":["https:\/\/borgapartmanok.hu"],"url":"https:\/\/borgapartmanok.hu\/en\/author\/jeschkata\/"}]}},"_links":{"self":[{"href":"https:\/\/borgapartmanok.hu\/en\/wp-json\/wp\/v2\/posts\/1091","targetHints":{"allow":["GET"]}}],"collection":[{"href":"https:\/\/borgapartmanok.hu\/en\/wp-json\/wp\/v2\/posts"}],"about":[{"href":"https:\/\/borgapartmanok.hu\/en\/wp-json\/wp\/v2\/types\/post"}],"author":[{"embeddable":true,"href":"https:\/\/borgapartmanok.hu\/en\/wp-json\/wp\/v2\/users\/1"}],"replies":[{"embeddable":true,"href":"https:\/\/borgapartmanok.hu\/en\/wp-json\/wp\/v2\/comments?post=1091"}],"version-history":[{"count":2,"href":"https:\/\/borgapartmanok.hu\/en\/wp-json\/wp\/v2\/posts\/1091\/revisions"}],"predecessor-version":[{"id":1095,"href":"https:\/\/borgapartmanok.hu\/en\/wp-json\/wp\/v2\/posts\/1091\/revisions\/1095"}],"wp:featuredmedia":[{"embeddable":true,"href":"https:\/\/borgapartmanok.hu\/en\/wp-json\/wp\/v2\/media\/1092"}],"wp:attachment":[{"href":"https:\/\/borgapartmanok.hu\/en\/wp-json\/wp\/v2\/media?parent=1091"}],"wp:term":[{"taxonomy":"category","embeddable":true,"href":"https:\/\/borgapartmanok.hu\/en\/wp-json\/wp\/v2\/categories?post=1091"},{"taxonomy":"post_tag","embeddable":true,"href":"https:\/\/borgapartmanok.hu\/en\/wp-json\/wp\/v2\/tags?post=1091"}],"curies":[{"name":"wp","href":"https:\/\/api.w.org\/{rel}","templated":true}]}}