{"id":1104,"date":"2026-08-31T15:24:18","date_gmt":"2026-08-31T15:24:18","guid":{"rendered":"https:\/\/borgapartmanok.hu\/?p=1104"},"modified":"2026-08-31T15:24:19","modified_gmt":"2026-08-31T15:24:19","slug":"vecses-szeptember-18-pentek-1800-a-szomszedneni-produkcios-iroda-onallo-est","status":"publish","type":"post","link":"https:\/\/borgapartmanok.hu\/en\/2026\/08\/31\/vecses-szeptember-18-pentek-1800-a-szomszedneni-produkcios-iroda-onallo-est\/","title":{"rendered":"Vecs\u00e9s &#8211; szeptember 18. p\u00e9ntek 18:00 &#8211; A Szomsz\u00e9dn\u00e9ni Produkci\u00f3s Iroda \u00d6n\u00e1ll\u00f3 est"},"content":{"rendered":"<blockquote class=\"wp-block-quote is-layout-flow wp-block-quote-is-layout-flow\">\n<figure class=\"wp-block-table\"><table class=\"has-fixed-layout\"><tbody><tr><td>Helysz\u00edn: Vecs\u00e9s, B\u00e1lint \u00c1gnes Kultur\u00e1lis K\u00f6zpontett\u0151 az egyben!\u2013 a Szomsz\u00e9dn\u00e9ni Produkci\u00f3s Iroda stand-up estjeA boldogs\u00e1got \u00e9rdemes keresni vagy ink\u00e1bb feles\u00e9get? A Dumasz\u00ednh\u00e1z az \u00e9v \u00f6n\u00e1ll\u00f3 el\u0151ad\u00e1s\u00e1nak v\u00e1lasztotta T\u00f3th Szabolcs \u201eBoldogs\u00e1g \u2013 Akarok r\u00f3la besz\u00e9lni\u201d, valamint koll\u00e9g\u00e1ja \u201eB\u00e1lint Ferenc feles\u00e9get keres\u201d estj\u00e9t, amit a Szomsz\u00e9dn\u00e9ni humorist\u00e1i egy\u00fctt visznek a k\u00f6z\u00f6ns\u00e9g el\u00e9 \u201eKett\u0151 az egyben!\u201d c\u00edmmel.<br>Az esem\u00e9ny Facebook oldala:<br><a href=\"https:\/\/us.list-manage.com\/1_XWZLjmQ3C?e=81684e4bee&amp;c2id=9a36eb630448b62e1094909f52f2aa6c\" target=\"_blank\" rel=\"noopener\">https:\/\/www.facebook.com\/<wbr>events\/2102470366969600<\/a><\/td><\/tr><\/tbody><\/table><\/figure>\n<\/blockquote>","protected":false},"excerpt":{"rendered":"<p>Helysz\u00edn: Vecs\u00e9s, B\u00e1lint \u00c1gnes Kultur\u00e1lis K\u00f6zpontett\u0151 az egyben!\u2013 a Szomsz\u00e9dn\u00e9ni Produkci\u00f3s Iroda stand-up estjeA boldogs\u00e1got \u00e9rdemes keresni vagy ink\u00e1bb feles\u00e9get? A Dumasz\u00ednh\u00e1z az \u00e9v \u00f6n\u00e1ll\u00f3 el\u0151ad\u00e1s\u00e1nak v\u00e1lasztotta T\u00f3th Szabolcs \u201eBoldogs\u00e1g \u2013 Akarok r\u00f3la besz\u00e9lni\u201d, valamint koll\u00e9g\u00e1ja \u201eB\u00e1lint Ferenc feles\u00e9get keres\u201d estj\u00e9t, amit a Szomsz\u00e9dn\u00e9ni humorist\u00e1i egy\u00fctt visznek a k\u00f6z\u00f6ns\u00e9g el\u00e9 \u201eKett\u0151 az egyben!\u201d c\u00edmmel.Az esem\u00e9ny [&hellip;]<\/p>\n","protected":false},"author":1,"featured_media":1105,"comment_status":"open","ping_status":"open","sticky":false,"template":"","format":"standard","meta":{"footnotes":""},"categories":[1],"tags":[],"class_list":["post-1104","post","type-post","status-publish","format-standard","has-post-thumbnail","hentry","category-uncategorized"],"yoast_head":"<!-- This site is optimized with the Yoast SEO Premium plugin v28.3 (Yoast SEO v28.3) - https:\/\/yoast.com\/product\/yoast-seo-premium-wordpress\/ -->\n<title>Vecs\u00e9s - szeptember 18. p\u00e9ntek 18:00 - A Szomsz\u00e9dn\u00e9ni Produkci\u00f3s Iroda \u00d6n\u00e1ll\u00f3 est - BORG Apartmanok &amp; Apartmanh\u00e1z<\/title>\n<meta name=\"robots\" content=\"index, follow, max-snippet:-1, max-image-preview:large, max-video-preview:-1\" \/>\n<link rel=\"canonical\" href=\"https:\/\/borgapartmanok.hu\/en\/2026\/08\/31\/vecses-szeptember-18-pentek-1800-a-szomszedneni-produkcios-iroda-onallo-est\/\" \/>\n<meta property=\"og:locale\" content=\"en_GB\" \/>\n<meta property=\"og:type\" content=\"article\" \/>\n<meta property=\"og:title\" content=\"Vecs\u00e9s - szeptember 18. p\u00e9ntek 18:00 - A Szomsz\u00e9dn\u00e9ni Produkci\u00f3s Iroda \u00d6n\u00e1ll\u00f3 est\" \/>\n<meta property=\"og:description\" content=\"Helysz\u00edn: Vecs\u00e9s, B\u00e1lint \u00c1gnes Kultur\u00e1lis K\u00f6zpontett\u0151 az egyben!\u2013 a Szomsz\u00e9dn\u00e9ni Produkci\u00f3s Iroda stand-up estjeA boldogs\u00e1got \u00e9rdemes keresni vagy ink\u00e1bb feles\u00e9get? A Dumasz\u00ednh\u00e1z az \u00e9v \u00f6n\u00e1ll\u00f3 el\u0151ad\u00e1s\u00e1nak v\u00e1lasztotta T\u00f3th Szabolcs \u201eBoldogs\u00e1g \u2013 Akarok r\u00f3la besz\u00e9lni\u201d, valamint koll\u00e9g\u00e1ja \u201eB\u00e1lint Ferenc feles\u00e9get keres\u201d estj\u00e9t, amit a Szomsz\u00e9dn\u00e9ni humorist\u00e1i egy\u00fctt visznek a k\u00f6z\u00f6ns\u00e9g el\u00e9 \u201eKett\u0151 az egyben!\u201d c\u00edmmel.Az esem\u00e9ny [&hellip;]\" \/>\n<meta property=\"og:url\" content=\"https:\/\/borgapartmanok.hu\/en\/2026\/08\/31\/vecses-szeptember-18-pentek-1800-a-szomszedneni-produkcios-iroda-onallo-est\/\" \/>\n<meta property=\"og:site_name\" content=\"BORG Apartmanok &amp; Apartmanh\u00e1z\" \/>\n<meta property=\"article:published_time\" content=\"2026-08-31T15:24:18+00:00\" \/>\n<meta property=\"article:modified_time\" content=\"2026-08-31T15:24:19+00:00\" \/>\n<meta property=\"og:image\" content=\"https:\/\/borgapartmanok.hu\/wp-content\/uploads\/2026\/08\/unnamed-3-1.jpg\" \/>\n\t<meta property=\"og:image:width\" content=\"1953\" \/>\n\t<meta property=\"og:image:height\" content=\"1099\" \/>\n\t<meta property=\"og:image:type\" content=\"image\/jpeg\" \/>\n<meta name=\"author\" content=\"jeschkata\" \/>\n<meta name=\"twitter:card\" content=\"summary_large_image\" \/>\n<meta name=\"twitter:label1\" content=\"Written by\" \/>\n\t<meta name=\"twitter:data1\" content=\"jeschkata\" \/>\n\t<meta name=\"twitter:label2\" content=\"Estimated reading time\" \/>\n\t<meta name=\"twitter:data2\" content=\"1 minute\" \/>\n<script type=\"application\/ld+json\" class=\"yoast-schema-graph\">{\"@context\":\"https:\\\/\\\/schema.org\",\"@graph\":[{\"@type\":\"Article\",\"@id\":\"https:\\\/\\\/borgapartmanok.hu\\\/2026\\\/08\\\/31\\\/vecses-szeptember-18-pentek-1800-a-szomszedneni-produkcios-iroda-onallo-est\\\/#article\",\"isPartOf\":{\"@id\":\"https:\\\/\\\/borgapartmanok.hu\\\/2026\\\/08\\\/31\\\/vecses-szeptember-18-pentek-1800-a-szomszedneni-produkcios-iroda-onallo-est\\\/\"},\"author\":{\"name\":\"jeschkata\",\"@id\":\"https:\\\/\\\/borgapartmanok.hu\\\/#\\\/schema\\\/person\\\/3cf88efecd602f7d565d857adb99b9cb\"},\"headline\":\"Vecs\u00e9s &#8211; szeptember 18. p\u00e9ntek 18:00 &#8211; A Szomsz\u00e9dn\u00e9ni Produkci\u00f3s Iroda \u00d6n\u00e1ll\u00f3 est\",\"datePublished\":\"2026-08-31T15:24:18+00:00\",\"dateModified\":\"2026-08-31T15:24:19+00:00\",\"mainEntityOfPage\":{\"@id\":\"https:\\\/\\\/borgapartmanok.hu\\\/2026\\\/08\\\/31\\\/vecses-szeptember-18-pentek-1800-a-szomszedneni-produkcios-iroda-onallo-est\\\/\"},\"wordCount\":115,\"commentCount\":0,\"image\":{\"@id\":\"https:\\\/\\\/borgapartmanok.hu\\\/2026\\\/08\\\/31\\\/vecses-szeptember-18-pentek-1800-a-szomszedneni-produkcios-iroda-onallo-est\\\/#primaryimage\"},\"thumbnailUrl\":\"https:\\\/\\\/borgapartmanok.hu\\\/wp-content\\\/uploads\\\/2026\\\/08\\\/unnamed-3-1.jpg\",\"articleSection\":[\"Uncategorized\"],\"inLanguage\":\"en-GB\",\"potentialAction\":[{\"@type\":\"CommentAction\",\"name\":\"Comment\",\"target\":[\"https:\\\/\\\/borgapartmanok.hu\\\/2026\\\/08\\\/31\\\/vecses-szeptember-18-pentek-1800-a-szomszedneni-produkcios-iroda-onallo-est\\\/#respond\"]}]},{\"@type\":\"WebPage\",\"@id\":\"https:\\\/\\\/borgapartmanok.hu\\\/2026\\\/08\\\/31\\\/vecses-szeptember-18-pentek-1800-a-szomszedneni-produkcios-iroda-onallo-est\\\/\",\"url\":\"https:\\\/\\\/borgapartmanok.hu\\\/2026\\\/08\\\/31\\\/vecses-szeptember-18-pentek-1800-a-szomszedneni-produkcios-iroda-onallo-est\\\/\",\"name\":\"Vecs\u00e9s - szeptember 18. p\u00e9ntek 18:00 - A Szomsz\u00e9dn\u00e9ni Produkci\u00f3s Iroda \u00d6n\u00e1ll\u00f3 est - BORG Apartmanok &amp; Apartmanh\u00e1z\",\"isPartOf\":{\"@id\":\"https:\\\/\\\/borgapartmanok.hu\\\/#website\"},\"primaryImageOfPage\":{\"@id\":\"https:\\\/\\\/borgapartmanok.hu\\\/2026\\\/08\\\/31\\\/vecses-szeptember-18-pentek-1800-a-szomszedneni-produkcios-iroda-onallo-est\\\/#primaryimage\"},\"image\":{\"@id\":\"https:\\\/\\\/borgapartmanok.hu\\\/2026\\\/08\\\/31\\\/vecses-szeptember-18-pentek-1800-a-szomszedneni-produkcios-iroda-onallo-est\\\/#primaryimage\"},\"thumbnailUrl\":\"https:\\\/\\\/borgapartmanok.hu\\\/wp-content\\\/uploads\\\/2026\\\/08\\\/unnamed-3-1.jpg\",\"datePublished\":\"2026-08-31T15:24:18+00:00\",\"dateModified\":\"2026-08-31T15:24:19+00:00\",\"author\":{\"@id\":\"https:\\\/\\\/borgapartmanok.hu\\\/#\\\/schema\\\/person\\\/3cf88efecd602f7d565d857adb99b9cb\"},\"breadcrumb\":{\"@id\":\"https:\\\/\\\/borgapartmanok.hu\\\/2026\\\/08\\\/31\\\/vecses-szeptember-18-pentek-1800-a-szomszedneni-produkcios-iroda-onallo-est\\\/#breadcrumb\"},\"inLanguage\":\"en-GB\",\"potentialAction\":[{\"@type\":\"ReadAction\",\"target\":[\"https:\\\/\\\/borgapartmanok.hu\\\/2026\\\/08\\\/31\\\/vecses-szeptember-18-pentek-1800-a-szomszedneni-produkcios-iroda-onallo-est\\\/\"]}]},{\"@type\":\"ImageObject\",\"inLanguage\":\"en-GB\",\"@id\":\"https:\\\/\\\/borgapartmanok.hu\\\/2026\\\/08\\\/31\\\/vecses-szeptember-18-pentek-1800-a-szomszedneni-produkcios-iroda-onallo-est\\\/#primaryimage\",\"url\":\"https:\\\/\\\/borgapartmanok.hu\\\/wp-content\\\/uploads\\\/2026\\\/08\\\/unnamed-3-1.jpg\",\"contentUrl\":\"https:\\\/\\\/borgapartmanok.hu\\\/wp-content\\\/uploads\\\/2026\\\/08\\\/unnamed-3-1.jpg\",\"width\":1953,\"height\":1099},{\"@type\":\"BreadcrumbList\",\"@id\":\"https:\\\/\\\/borgapartmanok.hu\\\/2026\\\/08\\\/31\\\/vecses-szeptember-18-pentek-1800-a-szomszedneni-produkcios-iroda-onallo-est\\\/#breadcrumb\",\"itemListElement\":[{\"@type\":\"ListItem\",\"position\":1,\"name\":\"Home\",\"item\":\"https:\\\/\\\/borgapartmanok.hu\\\/\"},{\"@type\":\"ListItem\",\"position\":2,\"name\":\"Vecs\u00e9s &#8211; szeptember 18. p\u00e9ntek 18:00 &#8211; A Szomsz\u00e9dn\u00e9ni Produkci\u00f3s Iroda \u00d6n\u00e1ll\u00f3 est\"}]},{\"@type\":\"WebSite\",\"@id\":\"https:\\\/\\\/borgapartmanok.hu\\\/#website\",\"url\":\"https:\\\/\\\/borgapartmanok.hu\\\/\",\"name\":\"BORG Apartmanok &amp; Apartmanh\u00e1z\",\"description\":\"Exkluz\u00edv apartmanok Cegl\u00e9den\",\"potentialAction\":[{\"@type\":\"SearchAction\",\"target\":{\"@type\":\"EntryPoint\",\"urlTemplate\":\"https:\\\/\\\/borgapartmanok.hu\\\/?s={search_term_string}\"},\"query-input\":{\"@type\":\"PropertyValueSpecification\",\"valueRequired\":true,\"valueName\":\"search_term_string\"}}],\"inLanguage\":\"en-GB\"},{\"@type\":\"Person\",\"@id\":\"https:\\\/\\\/borgapartmanok.hu\\\/#\\\/schema\\\/person\\\/3cf88efecd602f7d565d857adb99b9cb\",\"name\":\"jeschkata\",\"image\":{\"@type\":\"ImageObject\",\"inLanguage\":\"en-GB\",\"@id\":\"https:\\\/\\\/secure.gravatar.com\\\/avatar\\\/fc3f26134630bdb245f92b19b6f135eaf0633a27c05c3b955e4ccce4626da23b?s=96&d=mm&r=g\",\"url\":\"https:\\\/\\\/secure.gravatar.com\\\/avatar\\\/fc3f26134630bdb245f92b19b6f135eaf0633a27c05c3b955e4ccce4626da23b?s=96&d=mm&r=g\",\"contentUrl\":\"https:\\\/\\\/secure.gravatar.com\\\/avatar\\\/fc3f26134630bdb245f92b19b6f135eaf0633a27c05c3b955e4ccce4626da23b?s=96&d=mm&r=g\",\"caption\":\"jeschkata\"},\"sameAs\":[\"https:\\\/\\\/borgapartmanok.hu\"],\"url\":\"https:\\\/\\\/borgapartmanok.hu\\\/en\\\/author\\\/jeschkata\\\/\"}]}<\/script>\n<!-- \/ Yoast SEO Premium plugin. -->","yoast_head_json":{"title":"Vecs\u00e9s - szeptember 18. p\u00e9ntek 18:00 - A Szomsz\u00e9dn\u00e9ni Produkci\u00f3s Iroda \u00d6n\u00e1ll\u00f3 est - BORG Apartmanok &amp; Apartmanh\u00e1z","robots":{"index":"index","follow":"follow","max-snippet":"max-snippet:-1","max-image-preview":"max-image-preview:large","max-video-preview":"max-video-preview:-1"},"canonical":"https:\/\/borgapartmanok.hu\/en\/2026\/08\/31\/vecses-szeptember-18-pentek-1800-a-szomszedneni-produkcios-iroda-onallo-est\/","og_locale":"en_GB","og_type":"article","og_title":"Vecs\u00e9s - szeptember 18. p\u00e9ntek 18:00 - A Szomsz\u00e9dn\u00e9ni Produkci\u00f3s Iroda \u00d6n\u00e1ll\u00f3 est","og_description":"Helysz\u00edn: Vecs\u00e9s, B\u00e1lint \u00c1gnes Kultur\u00e1lis K\u00f6zpontett\u0151 az egyben!\u2013 a Szomsz\u00e9dn\u00e9ni Produkci\u00f3s Iroda stand-up estjeA boldogs\u00e1got \u00e9rdemes keresni vagy ink\u00e1bb feles\u00e9get? A Dumasz\u00ednh\u00e1z az \u00e9v \u00f6n\u00e1ll\u00f3 el\u0151ad\u00e1s\u00e1nak v\u00e1lasztotta T\u00f3th Szabolcs \u201eBoldogs\u00e1g \u2013 Akarok r\u00f3la besz\u00e9lni\u201d, valamint koll\u00e9g\u00e1ja \u201eB\u00e1lint Ferenc feles\u00e9get keres\u201d estj\u00e9t, amit a Szomsz\u00e9dn\u00e9ni humorist\u00e1i egy\u00fctt visznek a k\u00f6z\u00f6ns\u00e9g el\u00e9 \u201eKett\u0151 az egyben!\u201d c\u00edmmel.Az esem\u00e9ny [&hellip;]","og_url":"https:\/\/borgapartmanok.hu\/en\/2026\/08\/31\/vecses-szeptember-18-pentek-1800-a-szomszedneni-produkcios-iroda-onallo-est\/","og_site_name":"BORG Apartmanok &amp; Apartmanh\u00e1z","article_published_time":"2026-08-31T15:24:18+00:00","article_modified_time":"2026-08-31T15:24:19+00:00","og_image":[{"width":1953,"height":1099,"url":"https:\/\/borgapartmanok.hu\/wp-content\/uploads\/2026\/08\/unnamed-3-1.jpg","type":"image\/jpeg"}],"author":"jeschkata","twitter_card":"summary_large_image","twitter_misc":{"Written by":"jeschkata","Estimated reading time":"1 minute"},"schema":{"@context":"https:\/\/schema.org","@graph":[{"@type":"Article","@id":"https:\/\/borgapartmanok.hu\/2026\/08\/31\/vecses-szeptember-18-pentek-1800-a-szomszedneni-produkcios-iroda-onallo-est\/#article","isPartOf":{"@id":"https:\/\/borgapartmanok.hu\/2026\/08\/31\/vecses-szeptember-18-pentek-1800-a-szomszedneni-produkcios-iroda-onallo-est\/"},"author":{"name":"jeschkata","@id":"https:\/\/borgapartmanok.hu\/#\/schema\/person\/3cf88efecd602f7d565d857adb99b9cb"},"headline":"Vecs\u00e9s &#8211; szeptember 18. p\u00e9ntek 18:00 &#8211; A Szomsz\u00e9dn\u00e9ni Produkci\u00f3s Iroda \u00d6n\u00e1ll\u00f3 est","datePublished":"2026-08-31T15:24:18+00:00","dateModified":"2026-08-31T15:24:19+00:00","mainEntityOfPage":{"@id":"https:\/\/borgapartmanok.hu\/2026\/08\/31\/vecses-szeptember-18-pentek-1800-a-szomszedneni-produkcios-iroda-onallo-est\/"},"wordCount":115,"commentCount":0,"image":{"@id":"https:\/\/borgapartmanok.hu\/2026\/08\/31\/vecses-szeptember-18-pentek-1800-a-szomszedneni-produkcios-iroda-onallo-est\/#primaryimage"},"thumbnailUrl":"https:\/\/borgapartmanok.hu\/wp-content\/uploads\/2026\/08\/unnamed-3-1.jpg","articleSection":["Uncategorized"],"inLanguage":"en-GB","potentialAction":[{"@type":"CommentAction","name":"Comment","target":["https:\/\/borgapartmanok.hu\/2026\/08\/31\/vecses-szeptember-18-pentek-1800-a-szomszedneni-produkcios-iroda-onallo-est\/#respond"]}]},{"@type":"WebPage","@id":"https:\/\/borgapartmanok.hu\/2026\/08\/31\/vecses-szeptember-18-pentek-1800-a-szomszedneni-produkcios-iroda-onallo-est\/","url":"https:\/\/borgapartmanok.hu\/2026\/08\/31\/vecses-szeptember-18-pentek-1800-a-szomszedneni-produkcios-iroda-onallo-est\/","name":"Vecs\u00e9s - szeptember 18. p\u00e9ntek 18:00 - A Szomsz\u00e9dn\u00e9ni Produkci\u00f3s Iroda \u00d6n\u00e1ll\u00f3 est - BORG Apartmanok &amp; Apartmanh\u00e1z","isPartOf":{"@id":"https:\/\/borgapartmanok.hu\/#website"},"primaryImageOfPage":{"@id":"https:\/\/borgapartmanok.hu\/2026\/08\/31\/vecses-szeptember-18-pentek-1800-a-szomszedneni-produkcios-iroda-onallo-est\/#primaryimage"},"image":{"@id":"https:\/\/borgapartmanok.hu\/2026\/08\/31\/vecses-szeptember-18-pentek-1800-a-szomszedneni-produkcios-iroda-onallo-est\/#primaryimage"},"thumbnailUrl":"https:\/\/borgapartmanok.hu\/wp-content\/uploads\/2026\/08\/unnamed-3-1.jpg","datePublished":"2026-08-31T15:24:18+00:00","dateModified":"2026-08-31T15:24:19+00:00","author":{"@id":"https:\/\/borgapartmanok.hu\/#\/schema\/person\/3cf88efecd602f7d565d857adb99b9cb"},"breadcrumb":{"@id":"https:\/\/borgapartmanok.hu\/2026\/08\/31\/vecses-szeptember-18-pentek-1800-a-szomszedneni-produkcios-iroda-onallo-est\/#breadcrumb"},"inLanguage":"en-GB","potentialAction":[{"@type":"ReadAction","target":["https:\/\/borgapartmanok.hu\/2026\/08\/31\/vecses-szeptember-18-pentek-1800-a-szomszedneni-produkcios-iroda-onallo-est\/"]}]},{"@type":"ImageObject","inLanguage":"en-GB","@id":"https:\/\/borgapartmanok.hu\/2026\/08\/31\/vecses-szeptember-18-pentek-1800-a-szomszedneni-produkcios-iroda-onallo-est\/#primaryimage","url":"https:\/\/borgapartmanok.hu\/wp-content\/uploads\/2026\/08\/unnamed-3-1.jpg","contentUrl":"https:\/\/borgapartmanok.hu\/wp-content\/uploads\/2026\/08\/unnamed-3-1.jpg","width":1953,"height":1099},{"@type":"BreadcrumbList","@id":"https:\/\/borgapartmanok.hu\/2026\/08\/31\/vecses-szeptember-18-pentek-1800-a-szomszedneni-produkcios-iroda-onallo-est\/#breadcrumb","itemListElement":[{"@type":"ListItem","position":1,"name":"Home","item":"https:\/\/borgapartmanok.hu\/"},{"@type":"ListItem","position":2,"name":"Vecs\u00e9s &#8211; szeptember 18. p\u00e9ntek 18:00 &#8211; A Szomsz\u00e9dn\u00e9ni Produkci\u00f3s Iroda \u00d6n\u00e1ll\u00f3 est"}]},{"@type":"WebSite","@id":"https:\/\/borgapartmanok.hu\/#website","url":"https:\/\/borgapartmanok.hu\/","name":"BORG Apartmanok &amp; Apartmanh\u00e1z","description":"Exkluz\u00edv apartmanok Cegl\u00e9den","potentialAction":[{"@type":"SearchAction","target":{"@type":"EntryPoint","urlTemplate":"https:\/\/borgapartmanok.hu\/?s={search_term_string}"},"query-input":{"@type":"PropertyValueSpecification","valueRequired":true,"valueName":"search_term_string"}}],"inLanguage":"en-GB"},{"@type":"Person","@id":"https:\/\/borgapartmanok.hu\/#\/schema\/person\/3cf88efecd602f7d565d857adb99b9cb","name":"jeschkata","image":{"@type":"ImageObject","inLanguage":"en-GB","@id":"https:\/\/secure.gravatar.com\/avatar\/fc3f26134630bdb245f92b19b6f135eaf0633a27c05c3b955e4ccce4626da23b?s=96&d=mm&r=g","url":"https:\/\/secure.gravatar.com\/avatar\/fc3f26134630bdb245f92b19b6f135eaf0633a27c05c3b955e4ccce4626da23b?s=96&d=mm&r=g","contentUrl":"https:\/\/secure.gravatar.com\/avatar\/fc3f26134630bdb245f92b19b6f135eaf0633a27c05c3b955e4ccce4626da23b?s=96&d=mm&r=g","caption":"jeschkata"},"sameAs":["https:\/\/borgapartmanok.hu"],"url":"https:\/\/borgapartmanok.hu\/en\/author\/jeschkata\/"}]}},"_links":{"self":[{"href":"https:\/\/borgapartmanok.hu\/en\/wp-json\/wp\/v2\/posts\/1104","targetHints":{"allow":["GET"]}}],"collection":[{"href":"https:\/\/borgapartmanok.hu\/en\/wp-json\/wp\/v2\/posts"}],"about":[{"href":"https:\/\/borgapartmanok.hu\/en\/wp-json\/wp\/v2\/types\/post"}],"author":[{"embeddable":true,"href":"https:\/\/borgapartmanok.hu\/en\/wp-json\/wp\/v2\/users\/1"}],"replies":[{"embeddable":true,"href":"https:\/\/borgapartmanok.hu\/en\/wp-json\/wp\/v2\/comments?post=1104"}],"version-history":[{"count":1,"href":"https:\/\/borgapartmanok.hu\/en\/wp-json\/wp\/v2\/posts\/1104\/revisions"}],"predecessor-version":[{"id":1106,"href":"https:\/\/borgapartmanok.hu\/en\/wp-json\/wp\/v2\/posts\/1104\/revisions\/1106"}],"wp:featuredmedia":[{"embeddable":true,"href":"https:\/\/borgapartmanok.hu\/en\/wp-json\/wp\/v2\/media\/1105"}],"wp:attachment":[{"href":"https:\/\/borgapartmanok.hu\/en\/wp-json\/wp\/v2\/media?parent=1104"}],"wp:term":[{"taxonomy":"category","embeddable":true,"href":"https:\/\/borgapartmanok.hu\/en\/wp-json\/wp\/v2\/categories?post=1104"},{"taxonomy":"post_tag","embeddable":true,"href":"https:\/\/borgapartmanok.hu\/en\/wp-json\/wp\/v2\/tags?post=1104"}],"curies":[{"name":"wp","href":"https:\/\/api.w.org\/{rel}","templated":true}]}}